{"id":20868,"date":"2019-08-02T09:41:41","date_gmt":"2019-08-02T12:41:41","guid":{"rendered":"https:\/\/crc.org.ar\/w\/?p=20868"},"modified":"2019-08-02T09:45:17","modified_gmt":"2019-08-02T12:45:17","slug":"regatas-sigue-siendo-protagonista-en-reconquista","status":"publish","type":"post","link":"https:\/\/crc.org.ar\/w\/regatas-sigue-siendo-protagonista-en-reconquista\/","title":{"rendered":"Regatas sigue siendo protagonista en Reconquista"},"content":{"rendered":"<p>(Viernes 1 de agosto de 2019). El pasado fin de semana se llev\u00f3 a cabo la cuarta fecha de la Liga ATMAR de tenis de mesa en Reconquista, Santa Fe, nuevamente con importantes logros de representantes del Club de Regatas Corrientes.<!--more--><\/p>\n<p>Como viene siendo una constante en la temporada, el Club Centro Recreativos de Artesanos de la ciudad de Reconquista, provincia de Santa Fe, fue la sede de la cuarta fecha de la Liga ATMAR (Agrupaci\u00f3n Tenis de Mesa de Avellaneda y Reconquista).<\/p>\n<p>Como en las tres primeras fechas, jugadores de tenis de mesa del Club de Regatas Corrientes, bajo la conducci\u00f3n t\u00e9cnica del instructor <strong>Cayetano Troia<\/strong>, volvieron a decir presente y a obtener importantes resultados.<\/p>\n<p>En la categor\u00eda Primera, lograron subirse al podio <strong>Nelson Veas Oyarzo<\/strong> que termin\u00f3 segundo, y <strong>Cayetano Troia<\/strong> que termin\u00f3 tercero. En tanto <strong>Diego Breard<\/strong> fue quinto, y <strong>Mat\u00edas M\u00e9ndez<\/strong> no pudo sortear la fase de grupos.<\/p>\n<p>En la categor\u00eda Segunda, en tanto, <strong>Diego Breard<\/strong> termin\u00f3 segundo, y <strong>Mat\u00edas M\u00e9ndez<\/strong> tercero, por lo que subieron al podio en la categor\u00eda. Mientras que esta vez <strong>Gabriel Montiel<\/strong>, en Tercera categor\u00eda, no pudo clasificar en la fase de zonas.<\/p>\n<div id='gallery-1' class='gallery galleryid-20868 gallery-columns-4 gallery-size-thumbnail'><figure class='gallery-item'>\n\t\t\t<div class='gallery-icon landscape'>\n\t\t\t\t<a href='https:\/\/crc.org.ar\/w\/wp-content\/uploads\/2019\/08\/breard.jpeg'><img loading=\"lazy\" decoding=\"async\" width=\"150\" height=\"150\" src=\"https:\/\/crc.org.ar\/w\/wp-content\/uploads\/2019\/08\/breard-150x150.jpeg\" class=\"attachment-thumbnail size-thumbnail\" alt=\"\" \/><\/a>\n\t\t\t<\/div><\/figure><figure class='gallery-item'>\n\t\t\t<div class='gallery-icon landscape'>\n\t\t\t\t<a href='https:\/\/crc.org.ar\/w\/wp-content\/uploads\/2019\/08\/medallas-regatenses.jpeg'><img loading=\"lazy\" decoding=\"async\" width=\"150\" height=\"150\" src=\"https:\/\/crc.org.ar\/w\/wp-content\/uploads\/2019\/08\/medallas-regatenses-150x150.jpeg\" class=\"attachment-thumbnail size-thumbnail\" alt=\"\" \/><\/a>\n\t\t\t<\/div><\/figure><figure class='gallery-item'>\n\t\t\t<div class='gallery-icon portrait'>\n\t\t\t\t<a href='https:\/\/crc.org.ar\/w\/wp-content\/uploads\/2019\/08\/mendez.jpeg'><img loading=\"lazy\" decoding=\"async\" width=\"150\" height=\"150\" src=\"https:\/\/crc.org.ar\/w\/wp-content\/uploads\/2019\/08\/mendez-150x150.jpeg\" class=\"attachment-thumbnail size-thumbnail\" alt=\"\" \/><\/a>\n\t\t\t<\/div><\/figure><figure class='gallery-item'>\n\t\t\t<div class='gallery-icon landscape'>\n\t\t\t\t<a href='https:\/\/crc.org.ar\/w\/wp-content\/uploads\/2019\/08\/veas.jpeg'><img loading=\"lazy\" decoding=\"async\" width=\"150\" height=\"150\" src=\"https:\/\/crc.org.ar\/w\/wp-content\/uploads\/2019\/08\/veas-150x150.jpeg\" class=\"attachment-thumbnail size-thumbnail\" alt=\"\" \/><\/a>\n\t\t\t<\/div><\/figure>\n\t\t<\/div>\n\n","protected":false},"excerpt":{"rendered":"<p>(Viernes 1 de agosto de 2019). El pasado fin de semana se llev\u00f3 a cabo la cuarta fecha de la Liga ATMAR de tenis de mesa en Reconquista, Santa Fe, nuevamente con importantes logros de representantes del Club de Regatas Corrientes. Como viene siendo una constante en la temporada, el Club Centro Recreativos de Artesanos &hellip;<\/p>\n","protected":false},"author":1,"featured_media":20874,"comment_status":"closed","ping_status":"closed","sticky":false,"template":"","format":"standard","meta":{"footnotes":""},"categories":[156,13],"tags":[],"_links":{"self":[{"href":"https:\/\/crc.org.ar\/w\/wp-json\/wp\/v2\/posts\/20868"}],"collection":[{"href":"https:\/\/crc.org.ar\/w\/wp-json\/wp\/v2\/posts"}],"about":[{"href":"https:\/\/crc.org.ar\/w\/wp-json\/wp\/v2\/types\/post"}],"author":[{"embeddable":true,"href":"https:\/\/crc.org.ar\/w\/wp-json\/wp\/v2\/users\/1"}],"replies":[{"embeddable":true,"href":"https:\/\/crc.org.ar\/w\/wp-json\/wp\/v2\/comments?post=20868"}],"version-history":[{"count":1,"href":"https:\/\/crc.org.ar\/w\/wp-json\/wp\/v2\/posts\/20868\/revisions"}],"predecessor-version":[{"id":20873,"href":"https:\/\/crc.org.ar\/w\/wp-json\/wp\/v2\/posts\/20868\/revisions\/20873"}],"wp:featuredmedia":[{"embeddable":true,"href":"https:\/\/crc.org.ar\/w\/wp-json\/wp\/v2\/media\/20874"}],"wp:attachment":[{"href":"https:\/\/crc.org.ar\/w\/wp-json\/wp\/v2\/media?parent=20868"}],"wp:term":[{"taxonomy":"category","embeddable":true,"href":"https:\/\/crc.org.ar\/w\/wp-json\/wp\/v2\/categories?post=20868"},{"taxonomy":"post_tag","embeddable":true,"href":"https:\/\/crc.org.ar\/w\/wp-json\/wp\/v2\/tags?post=20868"}],"curies":[{"name":"wp","href":"https:\/\/api.w.org\/{rel}","templated":true}]}}