{"id":21000,"date":"2019-08-08T18:52:57","date_gmt":"2019-08-08T21:52:57","guid":{"rendered":"https:\/\/crc.org.ar\/w\/?p=21000"},"modified":"2019-08-08T18:52:57","modified_gmt":"2019-08-08T21:52:57","slug":"tassano-considero-a-vera-como-un-ejemplo","status":"publish","type":"post","link":"https:\/\/crc.org.ar\/w\/tassano-considero-a-vera-como-un-ejemplo\/","title":{"rendered":"Tassano consider\u00f3 a Vera como un ejemplo"},"content":{"rendered":"<p>(Jueves 8 de agosto de 2019). El deportista correntino se prepara para disputar el Mundial de Remo Adaptado en Austria, donde buscar\u00e1 la clasificaci\u00f3n a su gran objetivo: los Juegos Paral\u00edmpicos Tokio 2020. \u201c\u00c9l es un embajador de la ciudad y de la provincia que lleva el nombre de Corrientes por todo el mundo\u201d, valor\u00f3 el intendente durante el encuentro.<!--more--><\/p>\n<p>Este jueves, el intendente <strong>Eduardo Tassano<\/strong> recibi\u00f3 a <strong>Alejandro Vera<\/strong>, quien se destaca como deportista en remo adaptado y se prepara para disputar el Mundial de la disciplina, que se desarrollar\u00e1 del 25 de agosto al 2 de septiembre en Austria.<\/p>\n<p>\u201cTenemos el honor de recibir ac\u00e1 a Alejandro, que est\u00e1 pr\u00f3ximo a ir al campeonato mundial, en Austria, en la ciudad de Linz\u201d, dijo el intendente, valor\u00f3 qui\u00e9n valor\u00f3 el trabajo del remero diciendo: \u201ces un honor que un correntino y un deportista de \u00e9lite como \u00e9l nos vaya a representar\u201d, sostuvo.<\/p>\n<p>Vera, que va en busca de su gran objetivo, que es clasificar a los Juegos Paral\u00edmpicos Tokio 2020, explic\u00f3 que el pr\u00f3ximo jueves ir\u00e1 a Buenos Aires, donde concentrar\u00e1 durante cinco d\u00edas, tras lo cual emprender\u00e1 viaje hacia Austria para disputar su segundo mundial, del que participar\u00e1n alrededor de 24 pa\u00edses, de los cuales solo siete embarcaciones clasificar\u00e1n a los Paral\u00edmpicos de Jap\u00f3n.<\/p>\n<p>\u201cEs dif\u00edcil, pero lo vamos a intentar. Pero si no se puede, el a\u00f1o que viene hay un repechaje, en el Sudamericano de R\u00edo de Janeiro (Brasil), donde estar\u00eda compitiendo contra Paraguay, M\u00e9xico y Uruguay, y donde clasifica uno\u201d, explic\u00f3 Vera.<\/p>\n<p>En ese contexto, se mostr\u00f3 optimista en cuanto a sus posibilidades de lograr un lugar en Tokio: \u201cEn la Copa Am\u00e9rica ya les gan\u00e9 a los competidores de esos pa\u00edses, as\u00ed que ah\u00ed s\u00ed, hay muchas chances\u201d, afirm\u00f3.<\/p>\n<p>Durante el ameno encuentro, en el que el deportista le obsequi\u00f3 a Tassano una gorra de la Selecci\u00f3n Argentina de Remo, el intendente se mostr\u00f3 satisfecho, al tiempo que transmiti\u00f3 su orgullo de que la ciudad cuente con un referente de la disciplina como lo es Vera.<\/p>\n<p>\u201cTenemos la satisfacci\u00f3n y el honor de tener a un deportista de \u00e9lite mundial entre nosotros, y creo que eso tenemos que valorarlo y disfrutarlo. Tenemos que poner a Alejandro en la real dimensi\u00f3n de lo que est\u00e1 haciendo, que es ni m\u00e1s ni menos, en un deporte tan sacrificado, destacarse a nivel mundial\u201d, subray\u00f3.<\/p>\n<p>\u201cPara m\u00ed es un gran honor que el se\u00f1or intendente me haya recibido y quiero dejar en claro que le agradezco much\u00edsimo por lo que est\u00e1 haciendo por m\u00ed con su ayuda\u201d, dijo por su parte el remero, quien seguidamente hizo hincapi\u00e9 en su b\u00fasqueda de representar a la ciudad de Corrientes de la mejor forma posible: \u201cTodo lo que se logre va a quedar para Corrientes, as\u00ed que le agradezco infinitamente al doctor Tassano por el apoyo que me est\u00e1 dando\u201d, a\u00f1adi\u00f3.<\/p>\n<p><strong>EL DEPORTE COMO <\/strong><strong>OBJETIVO EN COM\u00daN<\/strong><\/p>\n<p>De esta manera, se afianza el objetivo que tiene y lleva adelante la gesti\u00f3n liderada por Tassano en la Municipalidad, de forma mancomunada con la Provincia, de convertir a Corrientes en una ciudad de eventos y deportiva, fomentando al deporte como disciplina de integraci\u00f3n y transformaci\u00f3n social.<\/p>\n<p>\u201cNosotros trabajamos palmo a palmo con (la Secretar\u00eda de) Deportes de la Provincia, estamos aportando desde la ciudad todo lo que tengamos para el desarrollo deportivo\u201d, sostuvo el intendente. \u201cVamos a seguir apoy\u00e1ndolo a Alejandro, al remo, a todas las disciplinas y a toda esa gran masa de aficionados remeros que d\u00eda a d\u00eda nutren su pasi\u00f3n en nuestro r\u00edo Paran\u00e1\u201d, continu\u00f3.<\/p>\n<p>\u201cQueremos que la juventud vea el ejemplo que es Alejando y tambi\u00e9n \u00e9l tiene que contarles a los chicos c\u00f3mo empez\u00f3, c\u00f3mo se entrena, c\u00f3mo es un mundial, c\u00f3mo son los adversarios de ese momento; contar esas experiencias transmite mucho y genera muchas ganas de copiarlo, y eso acerca muchos chicos al deporte\u201d, finaliz\u00f3 Tassano.<\/p>\n<div id='gallery-1' class='gallery galleryid-21000 gallery-columns-4 gallery-size-thumbnail'><figure class='gallery-item'>\n\t\t\t<div class='gallery-icon landscape'>\n\t\t\t\t<a href='https:\/\/crc.org.ar\/w\/wp-content\/uploads\/2019\/08\/vera-tassano.jpeg'><img loading=\"lazy\" decoding=\"async\" width=\"150\" height=\"150\" src=\"https:\/\/crc.org.ar\/w\/wp-content\/uploads\/2019\/08\/vera-tassano-150x150.jpeg\" class=\"attachment-thumbnail size-thumbnail\" alt=\"\" \/><\/a>\n\t\t\t<\/div><\/figure><figure class='gallery-item'>\n\t\t\t<div class='gallery-icon landscape'>\n\t\t\t\t<a href='https:\/\/crc.org.ar\/w\/wp-content\/uploads\/2019\/08\/vera-tassano1.jpeg'><img loading=\"lazy\" decoding=\"async\" width=\"150\" height=\"150\" src=\"https:\/\/crc.org.ar\/w\/wp-content\/uploads\/2019\/08\/vera-tassano1-150x150.jpeg\" class=\"attachment-thumbnail size-thumbnail\" alt=\"\" \/><\/a>\n\t\t\t<\/div><\/figure><figure class='gallery-item'>\n\t\t\t<div class='gallery-icon landscape'>\n\t\t\t\t<a href='https:\/\/crc.org.ar\/w\/wp-content\/uploads\/2019\/08\/vera-tassano2.jpeg'><img loading=\"lazy\" decoding=\"async\" width=\"150\" height=\"150\" src=\"https:\/\/crc.org.ar\/w\/wp-content\/uploads\/2019\/08\/vera-tassano2-150x150.jpeg\" class=\"attachment-thumbnail size-thumbnail\" alt=\"\" \/><\/a>\n\t\t\t<\/div><\/figure><figure class='gallery-item'>\n\t\t\t<div class='gallery-icon landscape'>\n\t\t\t\t<a href='https:\/\/crc.org.ar\/w\/wp-content\/uploads\/2019\/08\/vera-tassano3.jpeg'><img loading=\"lazy\" decoding=\"async\" width=\"150\" height=\"150\" src=\"https:\/\/crc.org.ar\/w\/wp-content\/uploads\/2019\/08\/vera-tassano3-150x150.jpeg\" class=\"attachment-thumbnail size-thumbnail\" alt=\"\" \/><\/a>\n\t\t\t<\/div><\/figure>\n\t\t<\/div>\n\n","protected":false},"excerpt":{"rendered":"<p>(Jueves 8 de agosto de 2019). El deportista correntino se prepara para disputar el Mundial de Remo Adaptado en Austria, donde buscar\u00e1 la clasificaci\u00f3n a su gran objetivo: los Juegos Paral\u00edmpicos Tokio 2020. \u201c\u00c9l es un embajador de la ciudad y de la provincia que lleva el nombre de Corrientes por todo el mundo\u201d, valor\u00f3 &hellip;<\/p>\n","protected":false},"author":1,"featured_media":21003,"comment_status":"closed","ping_status":"closed","sticky":false,"template":"","format":"standard","meta":{"footnotes":""},"categories":[156,18],"tags":[],"_links":{"self":[{"href":"https:\/\/crc.org.ar\/w\/wp-json\/wp\/v2\/posts\/21000"}],"collection":[{"href":"https:\/\/crc.org.ar\/w\/wp-json\/wp\/v2\/posts"}],"about":[{"href":"https:\/\/crc.org.ar\/w\/wp-json\/wp\/v2\/types\/post"}],"author":[{"embeddable":true,"href":"https:\/\/crc.org.ar\/w\/wp-json\/wp\/v2\/users\/1"}],"replies":[{"embeddable":true,"href":"https:\/\/crc.org.ar\/w\/wp-json\/wp\/v2\/comments?post=21000"}],"version-history":[{"count":1,"href":"https:\/\/crc.org.ar\/w\/wp-json\/wp\/v2\/posts\/21000\/revisions"}],"predecessor-version":[{"id":21005,"href":"https:\/\/crc.org.ar\/w\/wp-json\/wp\/v2\/posts\/21000\/revisions\/21005"}],"wp:featuredmedia":[{"embeddable":true,"href":"https:\/\/crc.org.ar\/w\/wp-json\/wp\/v2\/media\/21003"}],"wp:attachment":[{"href":"https:\/\/crc.org.ar\/w\/wp-json\/wp\/v2\/media?parent=21000"}],"wp:term":[{"taxonomy":"category","embeddable":true,"href":"https:\/\/crc.org.ar\/w\/wp-json\/wp\/v2\/categories?post=21000"},{"taxonomy":"post_tag","embeddable":true,"href":"https:\/\/crc.org.ar\/w\/wp-json\/wp\/v2\/tags?post=21000"}],"curies":[{"name":"wp","href":"https:\/\/api.w.org\/{rel}","templated":true}]}}