{"id":21089,"date":"2019-08-12T11:36:47","date_gmt":"2019-08-12T14:36:47","guid":{"rendered":"https:\/\/crc.org.ar\/w\/?p=21089"},"modified":"2019-08-12T11:36:47","modified_gmt":"2019-08-12T14:36:47","slug":"regatas-se-pone-a-punto-para-el-inicio-del-torneo-oficial","status":"publish","type":"post","link":"https:\/\/crc.org.ar\/w\/regatas-se-pone-a-punto-para-el-inicio-del-torneo-oficial\/","title":{"rendered":"Regatas se pone a punto para el inicio del Torneo Oficial"},"content":{"rendered":"<p>(Lunes 12 de agosto de 2019). El equipo de primera del Club Regatas Corrientes, se entrena en las instalaciones del club H\u00e9rcules, de cara a lo que ser\u00e1 el Torneo Oficial de la Asociaci\u00f3n de B\u00e1squet de la Ciudad de Corrientes (ABCC). Este mi\u00e9rcoles comienza el campeonato.<!--more--><\/p>\n<p><a href=\"https:\/\/crc.org.ar\/w\/wp-content\/uploads\/2019\/08\/campeon-y-subcampeon.jpg\"><img loading=\"lazy\" decoding=\"async\" class=\"alignright size-medium wp-image-21090\" src=\"https:\/\/crc.org.ar\/w\/wp-content\/uploads\/2019\/08\/campeon-y-subcampeon-300x218.jpg\" alt=\"\" width=\"300\" height=\"218\" srcset=\"https:\/\/crc.org.ar\/w\/wp-content\/uploads\/2019\/08\/campeon-y-subcampeon-300x218.jpg 300w, https:\/\/crc.org.ar\/w\/wp-content\/uploads\/2019\/08\/campeon-y-subcampeon.jpg 640w\" sizes=\"(max-width: 300px) 100vw, 300px\" \/><\/a>Todos los d\u00edas desde las 10 de la ma\u00f1ana, en el estadio \u201cRafael Ca\u00f1ete\u201d del club H\u00e9rcules, debido a las reparaciones en el \u201cJos\u00e9 Jorge Contte\u201d, el equipo de Regatas Corrientes, se entrena poni\u00e9ndose a punto para el Torneo Oficial de la ABCC.<\/p>\n<p>Adem\u00e1s, los dirigidos de <strong>Juan Pablo Mascar\u00f3<\/strong>, por la tarde realizan ejercicios de musculaci\u00f3n y potencia con el profesor y preparador f\u00edsico del equipo, <strong>Oscar \u00c1lvarez<\/strong>, en el gimnasio de la instituci\u00f3n regatense.<\/p>\n<p>Recordemos que el Torneo Oficial de la Primera A, organizado por la Asociaci\u00f3n de B\u00e1squet de la Ciudad de Corrientes (ABCC), comenzar\u00e1 este mi\u00e9rcoles 14.<\/p>\n<p>En la primera fecha, el equipo \u201cFantasma\u201d se debe medir al \u00faltimo campe\u00f3n del Oficial 2018 y de la Copa Palacio 2019, a Col\u00f3n. El \u201cvioleta\u201d, al tener afectado sus jugadores a la selecci\u00f3n correntina de mayores, no podr\u00e1 jugar ese d\u00eda, por lo que el duelo quedar\u00e1 postergado.<\/p>\n<p>Los otros duelos de la primera fecha, que comenzar\u00e1 este mi\u00e9rcoles 14 de agosto, son: El Tala frente a San Mart\u00edn, Juventus ante Alvear y Uni\u00f3n Arroyito frente al C\u00f3rdoba.<\/p>\n<p>En cuanto el equipo de Mascar\u00f3, para disputar una nueva edici\u00f3n del torneo estar\u00e1 conformado por: <strong>Juan Cruz Rinaldi, Enzo Alvaredo, Bruno Meza, Gianluca Dondo, Joaqu\u00edn N\u00fa\u00f1ez H\u00fcel, Juan Pablo Corbal\u00e1n, Gast\u00f3n Turraca, Gustavo Mascar\u00f3, Franco Zalazar, <\/strong>y<strong> Juan Ignacio Gonz\u00e1lez Nadal. <\/strong><\/p>\n<p><strong>\u00a0<\/strong>Adem\u00e1s de los 11 jugadores nombrados, cabe destacar que el entrenador \u201cfantasma\u201d podr\u00e1 utilizar todos los jugadores de las categor\u00edas formativas que desee, como ser <strong>Fabio Gauto, Ignacio Marc\u00f3, Patrick Destorel, Juan Cruz Scacchi, Joaqu\u00edn Marc\u00f3n, <\/strong>entre otros, como los nombres m\u00e1s sobresalientes.<\/p>\n","protected":false},"excerpt":{"rendered":"<p>(Lunes 12 de agosto de 2019). El equipo de primera del Club Regatas Corrientes, se entrena en las instalaciones del club H\u00e9rcules, de cara a lo que ser\u00e1 el Torneo Oficial de la Asociaci\u00f3n de B\u00e1squet de la Ciudad de Corrientes (ABCC). Este mi\u00e9rcoles comienza el campeonato. Todos los d\u00edas desde las 10 de la &hellip;<\/p>\n","protected":false},"author":1,"featured_media":21091,"comment_status":"closed","ping_status":"closed","sticky":false,"template":"","format":"standard","meta":{"footnotes":""},"categories":[80,156],"tags":[],"_links":{"self":[{"href":"https:\/\/crc.org.ar\/w\/wp-json\/wp\/v2\/posts\/21089"}],"collection":[{"href":"https:\/\/crc.org.ar\/w\/wp-json\/wp\/v2\/posts"}],"about":[{"href":"https:\/\/crc.org.ar\/w\/wp-json\/wp\/v2\/types\/post"}],"author":[{"embeddable":true,"href":"https:\/\/crc.org.ar\/w\/wp-json\/wp\/v2\/users\/1"}],"replies":[{"embeddable":true,"href":"https:\/\/crc.org.ar\/w\/wp-json\/wp\/v2\/comments?post=21089"}],"version-history":[{"count":1,"href":"https:\/\/crc.org.ar\/w\/wp-json\/wp\/v2\/posts\/21089\/revisions"}],"predecessor-version":[{"id":21092,"href":"https:\/\/crc.org.ar\/w\/wp-json\/wp\/v2\/posts\/21089\/revisions\/21092"}],"wp:featuredmedia":[{"embeddable":true,"href":"https:\/\/crc.org.ar\/w\/wp-json\/wp\/v2\/media\/21091"}],"wp:attachment":[{"href":"https:\/\/crc.org.ar\/w\/wp-json\/wp\/v2\/media?parent=21089"}],"wp:term":[{"taxonomy":"category","embeddable":true,"href":"https:\/\/crc.org.ar\/w\/wp-json\/wp\/v2\/categories?post=21089"},{"taxonomy":"post_tag","embeddable":true,"href":"https:\/\/crc.org.ar\/w\/wp-json\/wp\/v2\/tags?post=21089"}],"curies":[{"name":"wp","href":"https:\/\/api.w.org\/{rel}","templated":true}]}}