{"id":21194,"date":"2019-08-16T15:05:32","date_gmt":"2019-08-16T18:05:32","guid":{"rendered":"https:\/\/crc.org.ar\/w\/?p=21194"},"modified":"2019-08-16T15:05:32","modified_gmt":"2019-08-16T18:05:32","slug":"vera-concentra-en-buenos-aires-previo-al-mundial-de-linz","status":"publish","type":"post","link":"https:\/\/crc.org.ar\/w\/vera-concentra-en-buenos-aires-previo-al-mundial-de-linz\/","title":{"rendered":"Vera concentra en Buenos Aires, previo al Mundial de  Linz"},"content":{"rendered":"<p>(Viernes 16 de agosto de 2019). El remero del Club de Regatas Corrientes, <strong>Alejandro Vera<\/strong>, ya se encuentra concentrado en Buenos Aires para el Campeonato Mundial de Remo Adaptado en Linz-Ottensheim (Austria). Hay en juego siete plazas para Tokio 2020.<!--more--><\/p>\n<p><a href=\"https:\/\/crc.org.ar\/w\/wp-content\/uploads\/2019\/08\/Ale-Vera.jpg\"><img loading=\"lazy\" decoding=\"async\" class=\"size-medium wp-image-21195 alignleft\" src=\"https:\/\/crc.org.ar\/w\/wp-content\/uploads\/2019\/08\/Ale-Vera-300x300.jpg\" alt=\"\" width=\"300\" height=\"300\" srcset=\"https:\/\/crc.org.ar\/w\/wp-content\/uploads\/2019\/08\/Ale-Vera-300x300.jpg 300w, https:\/\/crc.org.ar\/w\/wp-content\/uploads\/2019\/08\/Ale-Vera-150x150.jpg 150w, https:\/\/crc.org.ar\/w\/wp-content\/uploads\/2019\/08\/Ale-Vera.jpg 480w\" sizes=\"(max-width: 300px) 100vw, 300px\" \/><\/a>El Campeonato Mundial de Remo Adaptado en Linz-Ottensheim (Austria), que se disputar\u00e1 del 25 de agosto hasta el 2 de septiembre pr\u00f3ximo con la presencia de alrededor de 24 pa\u00edses, est\u00e1 a la vuelta de la esquina.<\/p>\n<p>Por tal motivo el remero del Club de Regatas Corrientes, <strong>Alejandro Vera<\/strong>, comenz\u00f3 este viernes su puesta a punto para su segunda cita ecum\u00e9nica en la ciudad de Buenos Aires; antes de su viaje al viejo continente el pr\u00f3ximo martes.<\/p>\n<p>Alejandro Vera, actual n\u00famero uno del ranking nacional y actual campe\u00f3n argentino de la especialidad, viene de entrenar muy duro en Corrientes en el agua y en el gimnasio, y ahora culminar\u00e1 su preparaci\u00f3n con la Selecci\u00f3n Nacional.<\/p>\n<p>Para el deportista del Club de Regatas Corrientes, actual bicampe\u00f3n de la Copa Am\u00e9rica, ser\u00e1 su segunda cita mundialista, ya que tambi\u00e9n particip\u00f3 en Plovdiv (Bulgaria), en donde fue segundo en la final \u201cC\u201d.<\/p>\n<p>El Mundial otorgar\u00e1 siete plazas para los Juegos Paraol\u00edmpicos de Tokio 2020, aunque adem\u00e1s Sudam\u00e9rica dispondr\u00e1 de una plaza m\u00e1s, en un Repechaje que se desarrollar\u00e1 el pr\u00f3ximo a\u00f1o R\u00edo de Janeiro, Brasil.<\/p>\n","protected":false},"excerpt":{"rendered":"<p>(Viernes 16 de agosto de 2019). El remero del Club de Regatas Corrientes, Alejandro Vera, ya se encuentra concentrado en Buenos Aires para el Campeonato Mundial de Remo Adaptado en Linz-Ottensheim (Austria). Hay en juego siete plazas para Tokio 2020. El Campeonato Mundial de Remo Adaptado en Linz-Ottensheim (Austria), que se disputar\u00e1 del 25 de &hellip;<\/p>\n","protected":false},"author":1,"featured_media":21196,"comment_status":"closed","ping_status":"closed","sticky":false,"template":"","format":"standard","meta":{"footnotes":""},"categories":[156,18],"tags":[],"_links":{"self":[{"href":"https:\/\/crc.org.ar\/w\/wp-json\/wp\/v2\/posts\/21194"}],"collection":[{"href":"https:\/\/crc.org.ar\/w\/wp-json\/wp\/v2\/posts"}],"about":[{"href":"https:\/\/crc.org.ar\/w\/wp-json\/wp\/v2\/types\/post"}],"author":[{"embeddable":true,"href":"https:\/\/crc.org.ar\/w\/wp-json\/wp\/v2\/users\/1"}],"replies":[{"embeddable":true,"href":"https:\/\/crc.org.ar\/w\/wp-json\/wp\/v2\/comments?post=21194"}],"version-history":[{"count":1,"href":"https:\/\/crc.org.ar\/w\/wp-json\/wp\/v2\/posts\/21194\/revisions"}],"predecessor-version":[{"id":21197,"href":"https:\/\/crc.org.ar\/w\/wp-json\/wp\/v2\/posts\/21194\/revisions\/21197"}],"wp:featuredmedia":[{"embeddable":true,"href":"https:\/\/crc.org.ar\/w\/wp-json\/wp\/v2\/media\/21196"}],"wp:attachment":[{"href":"https:\/\/crc.org.ar\/w\/wp-json\/wp\/v2\/media?parent=21194"}],"wp:term":[{"taxonomy":"category","embeddable":true,"href":"https:\/\/crc.org.ar\/w\/wp-json\/wp\/v2\/categories?post=21194"},{"taxonomy":"post_tag","embeddable":true,"href":"https:\/\/crc.org.ar\/w\/wp-json\/wp\/v2\/tags?post=21194"}],"curies":[{"name":"wp","href":"https:\/\/api.w.org\/{rel}","templated":true}]}}