{"id":21234,"date":"2019-08-19T13:53:50","date_gmt":"2019-08-19T16:53:50","guid":{"rendered":"https:\/\/crc.org.ar\/w\/?p=21234"},"modified":"2019-08-19T13:53:50","modified_gmt":"2019-08-19T16:53:50","slug":"se-cierra-la-inscripcion-para-la-tercera-etapa-del-circuito-regional-nea","status":"publish","type":"post","link":"https:\/\/crc.org.ar\/w\/se-cierra-la-inscripcion-para-la-tercera-etapa-del-circuito-regional-nea\/","title":{"rendered":"Se cierra la inscripci\u00f3n para la tercera etapa del Circuito Regional NEA"},"content":{"rendered":"<p>(Lunes 19 de agosto de 2019). La tercera etapa de la XI edici\u00f3n del Circuito Regional NEA de Nataci\u00f3n del Club de Regatas Corrientes, se llevar\u00e1 a cabo el pr\u00f3ximo s\u00e1bado en la piscina climatizada de la instituci\u00f3n anfitriona. Este martes cierra la inscripci\u00f3n.<!--more--><\/p>\n<p><a href=\"https:\/\/crc.org.ar\/w\/wp-content\/uploads\/2019\/08\/Regional.jpg\"><img loading=\"lazy\" decoding=\"async\" class=\"size-medium wp-image-21235 alignleft\" src=\"https:\/\/crc.org.ar\/w\/wp-content\/uploads\/2019\/08\/Regional-300x142.jpg\" alt=\"\" width=\"300\" height=\"142\" srcset=\"https:\/\/crc.org.ar\/w\/wp-content\/uploads\/2019\/08\/Regional-300x142.jpg 300w, https:\/\/crc.org.ar\/w\/wp-content\/uploads\/2019\/08\/Regional.jpg 640w\" sizes=\"(max-width: 300px) 100vw, 300px\" \/><\/a>Despu\u00e9s del rotundo \u00e9xito de la primera y segunda etapa, el pr\u00f3ximo s\u00e1bado continuar\u00e1 la XI edici\u00f3n del Circuito Regional NEA, organizado por la subcomisi\u00f3n de nataci\u00f3n del Club de Regatas Corrientes, en la pileta climatizada del Club de Regatas Corrientes.<\/p>\n<p>Al igual que en las primeras convocatoria, se espera nadadores de todo el Nordeste Argentino, por lo que estar\u00e1n presentes representantes de Formosa, Misiones, Chaco, norte santafesino, y Corrientes, entre otros.<\/p>\n<p>Recordemos que el equipo de nataci\u00f3n del Club de Regatas Corrientes se adue\u00f1\u00f3 de la primera y segunda etapa, por lo que se consolido en la primera ubicaci\u00f3n del Campeonato y con serias aspiraciones de repetir.<\/p>\n<p><strong>INSCRIPCI\u00d3N<\/strong><\/p>\n<p>Por tal motivo, las inscripciones se recibir\u00e1n hasta este martes a las 20\u00a0 horas a los correos electr\u00f3nicos <a href=\"mailto:carwilscrimon@yahoo.com.ar\">carwilscrimon@yahoo.com.ar<\/a> con copia a <a href=\"mailto:mtonsich@hotmail.com\">mtonsich@hotmail.com<\/a> , indefectiblemente.<\/p>\n<p>En tanto las inscripciones para las postas, una de las principales atracciones de la competencia, se recibir\u00e1n hasta las 20,00 hs. del jueves 22 de agosto; siempre en las mismas direcciones de correo.<\/p>\n<p><strong>EL CAMPEONATO<\/strong><\/p>\n<p>El campeonato, cumplida dos etapas, qued\u00f3 de la siguiente manera: 1- Regatas Corrientes 2.169 puntos, 2- Capri 1.518, 3- Cune 767, 4- Caza y Pesca \u2013 Natal\u00fa 755, 5- Corrientes Tenis Club 715, 6- Regatas Resistencia 767, 7- N\u00e1utico Formosa 478, 8- Acuaa 228, 9- Pileta Pompis 109, 10- Vialidad Formosa 10, y 11- Formosa Nataci\u00f3n 4 unidades.<\/p>\n<p><strong>SE VIENE EL TORNEO <\/strong><strong>ANIVERSARIO<\/strong><\/p>\n<p>Ahora el Regional ingresa en un par\u00e9ntesis, abriendo paso al tradicional torneo Aniversario CRC, que se llevar\u00e1 a cabo el 14 y 15 de septiembre. El Circuito Regional retornar\u00e1 el pr\u00f3ximo 19 de octubre, con la disputa de la cuarta y \u00faltima etapa.<\/p>\n","protected":false},"excerpt":{"rendered":"<p>(Lunes 19 de agosto de 2019). La tercera etapa de la XI edici\u00f3n del Circuito Regional NEA de Nataci\u00f3n del Club de Regatas Corrientes, se llevar\u00e1 a cabo el pr\u00f3ximo s\u00e1bado en la piscina climatizada de la instituci\u00f3n anfitriona. Este martes cierra la inscripci\u00f3n. Despu\u00e9s del rotundo \u00e9xito de la primera y segunda etapa, el &hellip;<\/p>\n","protected":false},"author":1,"featured_media":21235,"comment_status":"closed","ping_status":"closed","sticky":false,"template":"","format":"standard","meta":{"footnotes":""},"categories":[69,156],"tags":[],"_links":{"self":[{"href":"https:\/\/crc.org.ar\/w\/wp-json\/wp\/v2\/posts\/21234"}],"collection":[{"href":"https:\/\/crc.org.ar\/w\/wp-json\/wp\/v2\/posts"}],"about":[{"href":"https:\/\/crc.org.ar\/w\/wp-json\/wp\/v2\/types\/post"}],"author":[{"embeddable":true,"href":"https:\/\/crc.org.ar\/w\/wp-json\/wp\/v2\/users\/1"}],"replies":[{"embeddable":true,"href":"https:\/\/crc.org.ar\/w\/wp-json\/wp\/v2\/comments?post=21234"}],"version-history":[{"count":1,"href":"https:\/\/crc.org.ar\/w\/wp-json\/wp\/v2\/posts\/21234\/revisions"}],"predecessor-version":[{"id":21236,"href":"https:\/\/crc.org.ar\/w\/wp-json\/wp\/v2\/posts\/21234\/revisions\/21236"}],"wp:featuredmedia":[{"embeddable":true,"href":"https:\/\/crc.org.ar\/w\/wp-json\/wp\/v2\/media\/21235"}],"wp:attachment":[{"href":"https:\/\/crc.org.ar\/w\/wp-json\/wp\/v2\/media?parent=21234"}],"wp:term":[{"taxonomy":"category","embeddable":true,"href":"https:\/\/crc.org.ar\/w\/wp-json\/wp\/v2\/categories?post=21234"},{"taxonomy":"post_tag","embeddable":true,"href":"https:\/\/crc.org.ar\/w\/wp-json\/wp\/v2\/tags?post=21234"}],"curies":[{"name":"wp","href":"https:\/\/api.w.org\/{rel}","templated":true}]}}