{"id":21284,"date":"2019-08-20T14:29:53","date_gmt":"2019-08-20T17:29:53","guid":{"rendered":"https:\/\/crc.org.ar\/w\/?p=21284"},"modified":"2019-08-20T17:08:23","modified_gmt":"2019-08-20T20:08:23","slug":"vera-concentra-en-buenos-aires-previo-al-mundial-de-linz-2","status":"publish","type":"post","link":"https:\/\/crc.org.ar\/w\/vera-concentra-en-buenos-aires-previo-al-mundial-de-linz-2\/","title":{"rendered":"Vera viaja a Austria para el Mundial en Linz"},"content":{"rendered":"<p>(Martes 20 de agosto de 2019). El remero del Club de Regatas Corrientes, <strong>Alejandro Vera<\/strong>, viajar\u00e1 este mi\u00e9rcoles a Austria para competir en el Campeonato Mundial de Remo Adaptado en Linz-Ottensheim, que arrancar\u00e1 el pr\u00f3ximo domingo 25 de agosto.<!--more--><\/p>\n<p><a href=\"https:\/\/crc.org.ar\/w\/wp-content\/uploads\/2019\/08\/alejandro-vera.jpeg\"><img loading=\"lazy\" decoding=\"async\" class=\"size-medium wp-image-21285 alignleft\" src=\"https:\/\/crc.org.ar\/w\/wp-content\/uploads\/2019\/08\/alejandro-vera-300x133.jpeg\" alt=\"\" width=\"300\" height=\"133\" srcset=\"https:\/\/crc.org.ar\/w\/wp-content\/uploads\/2019\/08\/alejandro-vera-300x133.jpeg 300w, https:\/\/crc.org.ar\/w\/wp-content\/uploads\/2019\/08\/alejandro-vera.jpeg 640w\" sizes=\"(max-width: 300px) 100vw, 300px\" \/><\/a><\/p>\n<p>Con <strong>Brenda Sard\u00f3n,<\/strong> del Club de Regatas La Plata, y <strong>Alejandro Vera,<\/strong> del Club de Regatas Corrientes, el equipo de remo Adaptado de Argentina finaliz\u00f3 su preparaci\u00f3n para la gran cita mundialista.<\/p>\n<p>La bolivarense <strong>Brenda Sard\u00f3n<\/strong> competir\u00e1 en la categor\u00eda PR1-W1X, en tanto el correntino <strong>Alejandro Vera<\/strong> lo har\u00e1 en la categor\u00eda PR1-M1X en el Mundial de Remo Adaptado en Linz-Ottensheim (Austria), que se disputar\u00e1 del 25 de agosto al 2 de septiembre pr\u00f3ximo.<\/p>\n<p>En la oportunidad, en ambas especialidades, comenzar\u00e1 la clasificaci\u00f3n a los Paral\u00edmpicos de Tokio 2020 (en Linz hay siete plazas), por lo que a la cita llegar\u00e1n los mejores remeros del mundo buscando las plazas.<\/p>\n<p>Para los argentinos, las heats est\u00e1n programadas para el lunes 26 de agosto a las 09:00 horas; por lo que los remeros tendr\u00e1n tiempo para la adaptaci\u00f3n, entrenamiento y especialmente conocer los botes alquilados para la competencia.<\/p>\n<p>Por tal motivo, el equipo argentino liderado por el Jefe de entrenadores <strong>Esteban Briguglio<\/strong>, partir\u00e1 hacia Austria este mi\u00e9rcoles a las 16 horas desde Ezeiza, despu\u00e9s de cerrar el \u00faltimo ciclo de entrenamientos en Buenos Aires.<\/p>\n<p>En Buenos Aires la puesta a punto, con mucho fr\u00edo, consisti\u00f3 en entrenamientos en el gimnasio, en el agua, con tiradas en el Nordelta (Tigre), y mucho trabajo con el psic\u00f3logo, con la firme idea de hacer un buen Mundial.<\/p>\n<p>Antes <strong>Alejandro Vera<\/strong>, actual n\u00famero uno del ranking nacional y actual campe\u00f3n argentino de la especialidad, entren\u00f3 muy duro en Corrientes en el agua y en el gimnasio, con un plan riguroso de alimentaci\u00f3n.<\/p>\n<p>Recordemos que para el deportista regatense, actual bicampe\u00f3n de la Copa Am\u00e9rica, ser\u00e1 su segunda cita mundialista, ya que tambi\u00e9n particip\u00f3 en Plovdiv (Bulgaria), en donde fue segundo en la final \u201cC\u201d.<\/p>\n<p>El Mundial otorgar\u00e1 siete plazas para los Juegos Paraol\u00edmpicos de Tokio 2020, aunque adem\u00e1s Sudam\u00e9rica dispondr\u00e1 de una plaza m\u00e1s, en un Repechaje que se desarrollar\u00e1 el pr\u00f3ximo a\u00f1o R\u00edo de Janeiro, Brasil.<\/p>\n","protected":false},"excerpt":{"rendered":"<p>(Martes 20 de agosto de 2019). El remero del Club de Regatas Corrientes, Alejandro Vera, viajar\u00e1 este mi\u00e9rcoles a Austria para competir en el Campeonato Mundial de Remo Adaptado en Linz-Ottensheim, que arrancar\u00e1 el pr\u00f3ximo domingo 25 de agosto. Con Brenda Sard\u00f3n, del Club de Regatas La Plata, y Alejandro Vera, del Club de Regatas &hellip;<\/p>\n","protected":false},"author":1,"featured_media":21285,"comment_status":"closed","ping_status":"closed","sticky":false,"template":"","format":"standard","meta":{"footnotes":""},"categories":[156,18],"tags":[],"_links":{"self":[{"href":"https:\/\/crc.org.ar\/w\/wp-json\/wp\/v2\/posts\/21284"}],"collection":[{"href":"https:\/\/crc.org.ar\/w\/wp-json\/wp\/v2\/posts"}],"about":[{"href":"https:\/\/crc.org.ar\/w\/wp-json\/wp\/v2\/types\/post"}],"author":[{"embeddable":true,"href":"https:\/\/crc.org.ar\/w\/wp-json\/wp\/v2\/users\/1"}],"replies":[{"embeddable":true,"href":"https:\/\/crc.org.ar\/w\/wp-json\/wp\/v2\/comments?post=21284"}],"version-history":[{"count":2,"href":"https:\/\/crc.org.ar\/w\/wp-json\/wp\/v2\/posts\/21284\/revisions"}],"predecessor-version":[{"id":21291,"href":"https:\/\/crc.org.ar\/w\/wp-json\/wp\/v2\/posts\/21284\/revisions\/21291"}],"wp:featuredmedia":[{"embeddable":true,"href":"https:\/\/crc.org.ar\/w\/wp-json\/wp\/v2\/media\/21285"}],"wp:attachment":[{"href":"https:\/\/crc.org.ar\/w\/wp-json\/wp\/v2\/media?parent=21284"}],"wp:term":[{"taxonomy":"category","embeddable":true,"href":"https:\/\/crc.org.ar\/w\/wp-json\/wp\/v2\/categories?post=21284"},{"taxonomy":"post_tag","embeddable":true,"href":"https:\/\/crc.org.ar\/w\/wp-json\/wp\/v2\/tags?post=21284"}],"curies":[{"name":"wp","href":"https:\/\/api.w.org\/{rel}","templated":true}]}}