{"id":21287,"date":"2019-08-20T16:43:16","date_gmt":"2019-08-20T19:43:16","guid":{"rendered":"https:\/\/crc.org.ar\/w\/?p=21287"},"modified":"2019-08-20T16:43:16","modified_gmt":"2019-08-20T19:43:16","slug":"regatas-debuta-contra-el-tala-en-el-torneo-oficial","status":"publish","type":"post","link":"https:\/\/crc.org.ar\/w\/regatas-debuta-contra-el-tala-en-el-torneo-oficial\/","title":{"rendered":"Regatas debuta contra El Tala en el Torneo Oficial"},"content":{"rendered":"<p>(Martes 20 de agosto de 2019). Este mi\u00e9rcoles por la noche en cancha de Alvear, Regatas Corrientes se estar\u00e1 midiendo contra El Tala, en lo que ser\u00e1 su debut en el Torneo Oficial 2019 de la ABCC.<!--more--><\/p>\n<p><a href=\"https:\/\/crc.org.ar\/w\/wp-content\/uploads\/2019\/08\/mascaro.jpeg\"><img loading=\"lazy\" decoding=\"async\" class=\"alignright size-medium wp-image-21288\" src=\"https:\/\/crc.org.ar\/w\/wp-content\/uploads\/2019\/08\/mascaro-300x205.jpeg\" alt=\"\" width=\"300\" height=\"205\" srcset=\"https:\/\/crc.org.ar\/w\/wp-content\/uploads\/2019\/08\/mascaro-300x205.jpeg 300w, https:\/\/crc.org.ar\/w\/wp-content\/uploads\/2019\/08\/mascaro-110x75.jpeg 110w, https:\/\/crc.org.ar\/w\/wp-content\/uploads\/2019\/08\/mascaro.jpeg 640w\" sizes=\"(max-width: 300px) 100vw, 300px\" \/><\/a>Regatas Corrientes debutar\u00e1 en el Torneo Oficial de Primera Divisi\u00f3n organizado por la Asociaci\u00f3n de B\u00e1squet de la ciudad de Corrientes (ABCC), frente a El Tala, en lo que ser\u00e1 la segunda fecha de la competencia.<\/p>\n<p>El duelo de este mi\u00e9rcoles, a partir de las 21 horas en cancha del club Alvear, ser\u00e1 el primer juego para ambos equipos; seguido por el que mantendr\u00e1n, a las 22.15, el local frente a Uni\u00f3n Arroyito.<\/p>\n<p>Recordemos que por estar llev\u00e1ndose a cabo el Campeonato Argentino de selecciones de mayores, en la primera fecha solo se disput\u00f3 el juego entre Juventus y Alvear, correspondiente a la A; en tanto que en el ascenso si se disputaron todos los partidos.<\/p>\n<p>Por esta circunstancia el t\u00e9cnico &#8220;Fantasma&#8221; <strong>Juan Pablo Mascar\u00f3<\/strong> no podr\u00e1 contar con el pivote juvenil <strong>Joaqu\u00edn Marc\u00f3n<\/strong>, afectado al Seleccionado de Chaco en la capital formose\u00f1a.<\/p>\n<p>El &#8220;Fantasma&#8221;, que viene recuperando lesionados como el base <strong>Ignacio Marc\u00f3<\/strong>, se estuvo preparando intensamente para el debut del Torneo Oficial, y con ganas de mejorar su muy buena performance en 2018, con un plantel netamente juvenil.<\/p>\n<p>En este sentido, recordemos que Regatas se qued\u00f3 con la Copa Jorge Desagastizabal, por haberse quedado con el 1 de la fase puntuable. Mientras que en el Cuadrangular Final, cay\u00f3 en las semifinales frente a Alvear.<\/p>\n<p><strong>FIXTURE<\/strong><\/p>\n<p>Cancha de Alvear: 21: Regatas vs El Tala, y 22:15: Alvear vs Arroyito<\/p>\n<p><strong>\u00a0<\/strong><strong>PRIMERA FECHA<\/strong><\/p>\n<p>En la primera fecha, el \u00fanico duelo que se disput\u00f3 de la zona A, fue el de Juventus contra el equipo de Alvear. El cruce finaliz\u00f3 en favor del \u201cgranate\u201d por 62 a 54.<\/p>\n","protected":false},"excerpt":{"rendered":"<p>(Martes 20 de agosto de 2019). Este mi\u00e9rcoles por la noche en cancha de Alvear, Regatas Corrientes se estar\u00e1 midiendo contra El Tala, en lo que ser\u00e1 su debut en el Torneo Oficial 2019 de la ABCC. Regatas Corrientes debutar\u00e1 en el Torneo Oficial de Primera Divisi\u00f3n organizado por la Asociaci\u00f3n de B\u00e1squet de la &hellip;<\/p>\n","protected":false},"author":1,"featured_media":21289,"comment_status":"closed","ping_status":"closed","sticky":false,"template":"","format":"standard","meta":{"footnotes":""},"categories":[80,156],"tags":[],"_links":{"self":[{"href":"https:\/\/crc.org.ar\/w\/wp-json\/wp\/v2\/posts\/21287"}],"collection":[{"href":"https:\/\/crc.org.ar\/w\/wp-json\/wp\/v2\/posts"}],"about":[{"href":"https:\/\/crc.org.ar\/w\/wp-json\/wp\/v2\/types\/post"}],"author":[{"embeddable":true,"href":"https:\/\/crc.org.ar\/w\/wp-json\/wp\/v2\/users\/1"}],"replies":[{"embeddable":true,"href":"https:\/\/crc.org.ar\/w\/wp-json\/wp\/v2\/comments?post=21287"}],"version-history":[{"count":1,"href":"https:\/\/crc.org.ar\/w\/wp-json\/wp\/v2\/posts\/21287\/revisions"}],"predecessor-version":[{"id":21290,"href":"https:\/\/crc.org.ar\/w\/wp-json\/wp\/v2\/posts\/21287\/revisions\/21290"}],"wp:featuredmedia":[{"embeddable":true,"href":"https:\/\/crc.org.ar\/w\/wp-json\/wp\/v2\/media\/21289"}],"wp:attachment":[{"href":"https:\/\/crc.org.ar\/w\/wp-json\/wp\/v2\/media?parent=21287"}],"wp:term":[{"taxonomy":"category","embeddable":true,"href":"https:\/\/crc.org.ar\/w\/wp-json\/wp\/v2\/categories?post=21287"},{"taxonomy":"post_tag","embeddable":true,"href":"https:\/\/crc.org.ar\/w\/wp-json\/wp\/v2\/tags?post=21287"}],"curies":[{"name":"wp","href":"https:\/\/api.w.org\/{rel}","templated":true}]}}