{"id":21319,"date":"2019-08-22T18:49:34","date_gmt":"2019-08-22T21:49:34","guid":{"rendered":"https:\/\/crc.org.ar\/w\/?p=21319"},"modified":"2019-08-22T18:50:01","modified_gmt":"2019-08-22T21:50:01","slug":"regatas-debuto-con-un-triunfo-frente-a-el-tala","status":"publish","type":"post","link":"https:\/\/crc.org.ar\/w\/regatas-debuto-con-un-triunfo-frente-a-el-tala\/","title":{"rendered":"Regatas debut\u00f3 con un triunfo frente a El Tala"},"content":{"rendered":"<p>(Jueves 22 de agosto de 2019). Regatas Corrientes le gan\u00f3 a El Tala por 64 a 55, en lo que su debut en el Torneo Oficial de la Asociaci\u00f3n de B\u00e1squetbol de la Ciudad de Corrientes (ABCC). La figura del juego fue <strong>Juan Ignacio Gonz\u00e1lez Nadal.<\/strong><!--more--><\/p>\n<p>En la noche del mi\u00e9rcoles, en cancha del club Alvear, Regatas Corrientes le gan\u00f3 a El Tala por 64 a 55, en un partido muy duro que lo pudo resolver en el final, y con una gran actuaci\u00f3n de Juan Ignacio Gonz\u00e1lez Nadal (19 puntos).<\/p>\n<p>El juego fue correspondiente a la segunda fecha del Torneo Oficial de Primera Divisi\u00f3n de la ABCC, recordemos que la primera fecha la mayor\u00eda de los partidos se postergaron por estar jug\u00e1ndose el Argentino de Mayores.<\/p>\n<p>Tras el salto inicial, El Tala puso mucha paridad al juego, poni\u00e9ndole intensidad a cada jugada. En el primer periodo, en la faceta ofensiva, solo aparecieron dos jugadores por lado, Barrios con 2 puntos, y Berardi con 5 para el \u201cverde\u201d, y en el \u201cremero\u201d Turraca y Gonz\u00e1lez Nadal aportaron 5 cada uno para poner 10 a 7 en su favor el primer parcial.<\/p>\n<p>En el segundo cuarto, con el ingreso de Gauto, Regatas encontr\u00f3 m\u00e1s espacios en ataque, y sumado al gran parcial de Scacchi (10 en el cuarto) logr\u00f3 quebrar la f\u00e9rrea defensa del Tala. Pero Schulz (6 puntos) se hizo fuerte en el poste bajo y evit\u00f3 que su equipo quedara relegado en el marcador, cerrando la primera mitad 25 a 20 en favor de Regatas.<\/p>\n<p>Tras el descanso largo, el \u201cfantasma\u201d pis\u00f3 el acelerador y pudo quebrar el juego en su favor. En defensa se cerr\u00f3 muy bien para evitar los goles del poste bajo, mientras que el equipo del barrio la Rozada se avoc\u00f3 mucho a los tiros del per\u00edmetro sin encontrar efectividad. As\u00ed el \u201cremero\u201d logr\u00f3 estirar un poco m\u00e1s la ventaja, y cerrar el tercer parcial 43 a 35.<\/p>\n<p>En el \u00faltimo cap\u00edtulo, El Tala se enfoc\u00f3 en ponerse duro en defensa e intentar correr la cancha o conseguir puntos r\u00e1pidos en la ofensiva, mientras que los de Mascar\u00f3 entendieron el juego y tuvieron mucha paciencia en las ofensivas. Con un juego inteligente, Regatas no permiti\u00f3 que su rival se acerque mucho en el marcador, y cerr\u00f3 un excelente juego, con un gran partido de Gonz\u00e1lez Nadal.<\/p>\n<p>As\u00ed, Regatas venci\u00f3 a El Tala 64 a 55, en lo que fue se debut en el Torneo Oficial 2019, ya que la primera fecha se posterg\u00f3 en su mayor\u00eda por estar jug\u00e1ndose el Argentino de Mayores.<\/p>\n<p><strong>LA S\u00cdNTESIS<\/strong><\/p>\n<p><strong>El Tala (55): <\/strong>Enzo Berardi 11 (x), Gonzalo Barrios 12, Nicol\u00e1s Barreto 4 (x), Sebasti\u00e1n Ledesma 0,\u00a0 y Rodrigo Schulz 20 (FI); Juli\u00e1n Romero 0, Juan Ignacio Esquercia 4, Jos\u00e9 Coutada 4, Carlos Ben\u00edtez 0, y Leonardo Coria 0. <strong>DT<\/strong>: H\u00e9ctor L\u00f3pez.<\/p>\n<p><strong>Regatas (64): <\/strong>Enzo Alvaredo 0, Gast\u00f3n Turraca 12, Juan Scacchi 10, Juan Gonz\u00e1lez Nadal 19, y Franco Zalazar 5 (FI); Facundo Gonz\u00e1lez 2, Fabio Gauto 14, Patrick Destorel 0, y Joaqu\u00edn N\u00fa\u00f1ez H\u00fcel 2. <strong>DT<\/strong>: Juan Pablo Mascar\u00f3<\/p>\n<p><strong>Parciales: <\/strong>7\/10, 20\/25 (13\/15), 35\/43 (15\/18), 55\/64 (20\/21).<\/p>\n<p><strong>Jueces: <\/strong>Carlos Moreyra y Wilson Pedrozo. <strong>Estadio<\/strong>: Alvear.<\/p>\n<div id='gallery-1' class='gallery galleryid-21319 gallery-columns-3 gallery-size-thumbnail'><figure class='gallery-item'>\n\t\t\t<div class='gallery-icon landscape'>\n\t\t\t\t<a href='https:\/\/crc.org.ar\/w\/wp-content\/uploads\/2019\/08\/Alvaredo.jpeg'><img loading=\"lazy\" decoding=\"async\" width=\"150\" height=\"150\" src=\"https:\/\/crc.org.ar\/w\/wp-content\/uploads\/2019\/08\/Alvaredo-150x150.jpeg\" class=\"attachment-thumbnail size-thumbnail\" alt=\"\" \/><\/a>\n\t\t\t<\/div><\/figure><figure class='gallery-item'>\n\t\t\t<div class='gallery-icon landscape'>\n\t\t\t\t<a href='https:\/\/crc.org.ar\/w\/wp-content\/uploads\/2019\/08\/Gauto-1.jpeg'><img loading=\"lazy\" decoding=\"async\" width=\"150\" height=\"150\" src=\"https:\/\/crc.org.ar\/w\/wp-content\/uploads\/2019\/08\/Gauto-1-150x150.jpeg\" class=\"attachment-thumbnail size-thumbnail\" alt=\"\" \/><\/a>\n\t\t\t<\/div><\/figure><figure class='gallery-item'>\n\t\t\t<div class='gallery-icon landscape'>\n\t\t\t\t<a href='https:\/\/crc.org.ar\/w\/wp-content\/uploads\/2019\/08\/Gauto1.jpeg'><img loading=\"lazy\" decoding=\"async\" width=\"150\" height=\"150\" src=\"https:\/\/crc.org.ar\/w\/wp-content\/uploads\/2019\/08\/Gauto1-150x150.jpeg\" class=\"attachment-thumbnail size-thumbnail\" alt=\"\" \/><\/a>\n\t\t\t<\/div><\/figure><figure class='gallery-item'>\n\t\t\t<div class='gallery-icon portrait'>\n\t\t\t\t<a href='https:\/\/crc.org.ar\/w\/wp-content\/uploads\/2019\/08\/Gonzalez-Nadal.jpeg'><img loading=\"lazy\" decoding=\"async\" width=\"150\" height=\"150\" src=\"https:\/\/crc.org.ar\/w\/wp-content\/uploads\/2019\/08\/Gonzalez-Nadal-150x150.jpeg\" class=\"attachment-thumbnail size-thumbnail\" alt=\"\" \/><\/a>\n\t\t\t<\/div><\/figure><figure class='gallery-item'>\n\t\t\t<div class='gallery-icon landscape'>\n\t\t\t\t<a href='https:\/\/crc.org.ar\/w\/wp-content\/uploads\/2019\/08\/Scacchi-1.jpeg'><img loading=\"lazy\" decoding=\"async\" width=\"150\" height=\"150\" src=\"https:\/\/crc.org.ar\/w\/wp-content\/uploads\/2019\/08\/Scacchi-1-150x150.jpeg\" class=\"attachment-thumbnail size-thumbnail\" alt=\"\" \/><\/a>\n\t\t\t<\/div><\/figure><figure class='gallery-item'>\n\t\t\t<div class='gallery-icon landscape'>\n\t\t\t\t<a href='https:\/\/crc.org.ar\/w\/wp-content\/uploads\/2019\/08\/Turraca.jpeg'><img loading=\"lazy\" decoding=\"async\" width=\"150\" height=\"150\" src=\"https:\/\/crc.org.ar\/w\/wp-content\/uploads\/2019\/08\/Turraca-150x150.jpeg\" class=\"attachment-thumbnail size-thumbnail\" alt=\"\" \/><\/a>\n\t\t\t<\/div><\/figure>\n\t\t<\/div>\n\n","protected":false},"excerpt":{"rendered":"<p>(Jueves 22 de agosto de 2019). Regatas Corrientes le gan\u00f3 a El Tala por 64 a 55, en lo que su debut en el Torneo Oficial de la Asociaci\u00f3n de B\u00e1squetbol de la Ciudad de Corrientes (ABCC). La figura del juego fue Juan Ignacio Gonz\u00e1lez Nadal. En la noche del mi\u00e9rcoles, en cancha del club &hellip;<\/p>\n","protected":false},"author":1,"featured_media":21326,"comment_status":"closed","ping_status":"closed","sticky":false,"template":"","format":"standard","meta":{"footnotes":""},"categories":[80,156],"tags":[],"_links":{"self":[{"href":"https:\/\/crc.org.ar\/w\/wp-json\/wp\/v2\/posts\/21319"}],"collection":[{"href":"https:\/\/crc.org.ar\/w\/wp-json\/wp\/v2\/posts"}],"about":[{"href":"https:\/\/crc.org.ar\/w\/wp-json\/wp\/v2\/types\/post"}],"author":[{"embeddable":true,"href":"https:\/\/crc.org.ar\/w\/wp-json\/wp\/v2\/users\/1"}],"replies":[{"embeddable":true,"href":"https:\/\/crc.org.ar\/w\/wp-json\/wp\/v2\/comments?post=21319"}],"version-history":[{"count":1,"href":"https:\/\/crc.org.ar\/w\/wp-json\/wp\/v2\/posts\/21319\/revisions"}],"predecessor-version":[{"id":21327,"href":"https:\/\/crc.org.ar\/w\/wp-json\/wp\/v2\/posts\/21319\/revisions\/21327"}],"wp:featuredmedia":[{"embeddable":true,"href":"https:\/\/crc.org.ar\/w\/wp-json\/wp\/v2\/media\/21326"}],"wp:attachment":[{"href":"https:\/\/crc.org.ar\/w\/wp-json\/wp\/v2\/media?parent=21319"}],"wp:term":[{"taxonomy":"category","embeddable":true,"href":"https:\/\/crc.org.ar\/w\/wp-json\/wp\/v2\/categories?post=21319"},{"taxonomy":"post_tag","embeddable":true,"href":"https:\/\/crc.org.ar\/w\/wp-json\/wp\/v2\/tags?post=21319"}],"curies":[{"name":"wp","href":"https:\/\/api.w.org\/{rel}","templated":true}]}}