{"id":21339,"date":"2019-08-23T19:22:50","date_gmt":"2019-08-23T22:22:50","guid":{"rendered":"https:\/\/crc.org.ar\/w\/?p=21339"},"modified":"2019-08-23T19:22:50","modified_gmt":"2019-08-23T22:22:50","slug":"arranca-el-segundo-semestre-del-tenis-de-mesa","status":"publish","type":"post","link":"https:\/\/crc.org.ar\/w\/arranca-el-segundo-semestre-del-tenis-de-mesa\/","title":{"rendered":"Arranca el segundo semestre del tenis de mesa"},"content":{"rendered":"<p>(Viernes 23 de agosto de 2019). Este s\u00e1bado, a partir de las 9 hs., comenzar\u00e1 jugarse el Torneo Interno de tenis mesa del Club de Regatas Corrientes. La competencia, que se llevar\u00e1 a cabo en el sal\u00f3n de usos m\u00faltiples (SUM), se prolongar\u00e1 hasta el domingo.<!--more--><\/p>\n<p><a href=\"https:\/\/crc.org.ar\/w\/wp-content\/uploads\/2019\/08\/partidos3.jpeg\"><img loading=\"lazy\" decoding=\"async\" class=\"alignright size-medium wp-image-21340\" src=\"https:\/\/crc.org.ar\/w\/wp-content\/uploads\/2019\/08\/partidos3-300x200.jpeg\" alt=\"\" width=\"300\" height=\"200\" srcset=\"https:\/\/crc.org.ar\/w\/wp-content\/uploads\/2019\/08\/partidos3-300x200.jpeg 300w, https:\/\/crc.org.ar\/w\/wp-content\/uploads\/2019\/08\/partidos3.jpeg 640w\" sizes=\"(max-width: 300px) 100vw, 300px\" \/><\/a>La subcomisi\u00f3n de tenis de mesa del Club de Regatas Corrientes comenzar\u00e1 este fin de semana a organizar una serie de torneos internos de la especialidad, de cara al segundo semestre de la temporada.<\/p>\n<p>Recordemos que en abril pasado, la subcomisi\u00f3n de tenis de mesa \u201cremera\u201d organiz\u00f3 el I Abierto 2019, \u201cD\u00eda Mundial del Tenis de Mesa\u201d, contin\u00fao en mayo con el II torneo &#8220;D\u00eda de la Patria&#8221;, y finaliz\u00f3 en junio con el III torneo \u201cD\u00eda de la Bandera\u201d.<\/p>\n<p>Ahora, el torneo Interno, que se llevar\u00e1 a cabo en el sal\u00f3n de usos m\u00faltiples (SUM),\u00a0 comenzar\u00e1 el s\u00e1bado a las 9 horas, con las categor\u00edas Promocional Menores y Mayores, y Damas, y continuar\u00e1 a las 11 con la categor\u00eda Tercera.<\/p>\n<p>En tanto que el domingo, las 9 horas, ser\u00e1 el turno de la categor\u00eda Segunda, a las 11.30 Primera, y a las 16 Maxi (a partir de 35 a\u00f1os Mixto). Para informaci\u00f3n e inscripci\u00f3n comunicarse a los tel\u00e9fonos 3794 \u2013 967829, 3794 &#8211; 950886 y 3794 &#8211; 001031.<\/p>\n","protected":false},"excerpt":{"rendered":"<p>(Viernes 23 de agosto de 2019). Este s\u00e1bado, a partir de las 9 hs., comenzar\u00e1 jugarse el Torneo Interno de tenis mesa del Club de Regatas Corrientes. La competencia, que se llevar\u00e1 a cabo en el sal\u00f3n de usos m\u00faltiples (SUM), se prolongar\u00e1 hasta el domingo. La subcomisi\u00f3n de tenis de mesa del Club de &hellip;<\/p>\n","protected":false},"author":1,"featured_media":21341,"comment_status":"closed","ping_status":"closed","sticky":false,"template":"","format":"standard","meta":{"footnotes":""},"categories":[156,13],"tags":[],"_links":{"self":[{"href":"https:\/\/crc.org.ar\/w\/wp-json\/wp\/v2\/posts\/21339"}],"collection":[{"href":"https:\/\/crc.org.ar\/w\/wp-json\/wp\/v2\/posts"}],"about":[{"href":"https:\/\/crc.org.ar\/w\/wp-json\/wp\/v2\/types\/post"}],"author":[{"embeddable":true,"href":"https:\/\/crc.org.ar\/w\/wp-json\/wp\/v2\/users\/1"}],"replies":[{"embeddable":true,"href":"https:\/\/crc.org.ar\/w\/wp-json\/wp\/v2\/comments?post=21339"}],"version-history":[{"count":1,"href":"https:\/\/crc.org.ar\/w\/wp-json\/wp\/v2\/posts\/21339\/revisions"}],"predecessor-version":[{"id":21342,"href":"https:\/\/crc.org.ar\/w\/wp-json\/wp\/v2\/posts\/21339\/revisions\/21342"}],"wp:featuredmedia":[{"embeddable":true,"href":"https:\/\/crc.org.ar\/w\/wp-json\/wp\/v2\/media\/21341"}],"wp:attachment":[{"href":"https:\/\/crc.org.ar\/w\/wp-json\/wp\/v2\/media?parent=21339"}],"wp:term":[{"taxonomy":"category","embeddable":true,"href":"https:\/\/crc.org.ar\/w\/wp-json\/wp\/v2\/categories?post=21339"},{"taxonomy":"post_tag","embeddable":true,"href":"https:\/\/crc.org.ar\/w\/wp-json\/wp\/v2\/tags?post=21339"}],"curies":[{"name":"wp","href":"https:\/\/api.w.org\/{rel}","templated":true}]}}