{"id":21348,"date":"2019-08-24T23:23:08","date_gmt":"2019-08-25T02:23:08","guid":{"rendered":"https:\/\/crc.org.ar\/w\/?p=21348"},"modified":"2019-08-25T19:37:28","modified_gmt":"2019-08-25T22:37:28","slug":"alejandro-vera-en-la-vigilia-de-su-gran-momento-en-el-mundial-en-linz","status":"publish","type":"post","link":"https:\/\/crc.org.ar\/w\/alejandro-vera-en-la-vigilia-de-su-gran-momento-en-el-mundial-en-linz\/","title":{"rendered":"Alejandro Vera en la vigilia de su gran momento en el Mundial en Linz"},"content":{"rendered":"<p>(S\u00e1bado 24 de agosto de 2019). El remero del Club de Regatas Corrientes, <strong>Alejandro Vera<\/strong>, ya se encuentra entrenando en Austria a la espera de su heat (el lunes) en el Campeonato Mundial de Remo Adaptado en Linz-Ottensheim.<!--more--><\/p>\n<p><a href=\"https:\/\/crc.org.ar\/w\/wp-content\/uploads\/2019\/08\/Ale-Vera3.jpeg\"><img loading=\"lazy\" decoding=\"async\" class=\"alignright size-medium wp-image-21349\" src=\"https:\/\/crc.org.ar\/w\/wp-content\/uploads\/2019\/08\/Ale-Vera3-254x300.jpeg\" alt=\"\" width=\"254\" height=\"300\" srcset=\"https:\/\/crc.org.ar\/w\/wp-content\/uploads\/2019\/08\/Ale-Vera3-254x300.jpeg 254w, https:\/\/crc.org.ar\/w\/wp-content\/uploads\/2019\/08\/Ale-Vera3.jpeg 480w\" sizes=\"(max-width: 254px) 100vw, 254px\" \/><\/a>El equipo de remo adaptado de la Argentina, integrado por <strong>Brenda Sard\u00f3n (<\/strong>Club de Regatas La Plata), y <strong>Alejandro Vera (<\/strong>Club de Regatas Corrientes), ya se encuentran en Austria.<\/p>\n<p>La bolivarense <strong>Brenda Sard\u00f3n<\/strong> competir\u00e1 en la categor\u00eda PR1-W1X, en tanto el correntino <strong>Alejandro Vera<\/strong> lo har\u00e1 en la categor\u00eda PR1-M1X en el Mundial de Remo Adaptado en Linz-Ottensheim (Austria), que se disputar\u00e1 del 25 de agosto al 2 de septiembre pr\u00f3ximo.<\/p>\n<p>El viernes los remeros argentinos trabajaron en remoerg\u00f3metro y prepararon sus embarcaciones para entrenar este s\u00e1bado en agua, a la espera del gran evento, que para el remero del Club de Regatas Corrientes se iniciar\u00e1 el lunes.<\/p>\n<p>Precisamente las heats est\u00e1n programadas para este lunes a las 09:00 horas; por lo que los remeros aprovecharan al m\u00e1ximo su per\u00edodo de adaptaci\u00f3n y entrenamiento, por lo que el domingo volver\u00e1n al agua.<\/p>\n<p>Recordemos que, en ambas especialidades, comenzar\u00e1 la clasificaci\u00f3n a los Paral\u00edmpicos de Tokio 2020, con siete plazas en disputa, por lo que a la cita llegaron los mejores remeros del mundo buscando las plazas.<\/p>\n<p><strong>LOS RIVALES<\/strong><\/p>\n<p>En la categor\u00eda PR1-M1X, los rivales de Vera ser\u00e1n veinticuatro (24), a saber: Johannes Schmidt (Alemania), <strong>Erik Horrie<\/strong> (Australia), <strong>Louis Toussaint<\/strong> (B\u00e9lgica), <strong>Rene Pereira<\/strong> (Brasil), <strong>Ilian Mladenov<\/strong> (Bulgaria), <strong>Loren Pearson<\/strong> (Canad\u00e1), y <strong>Jie Yang<\/strong> (China).<\/p>\n<p><strong>Julien Hardi<\/strong> (Francia), <strong>Benjamin Pritchard<\/strong> (Gran Breta\u00f1a), <strong>Zsolt Peto<\/strong> (Hungr\u00eda), <strong>Shmuel Daniel<\/strong> (Israel), <strong>Fabrizio Caselli<\/strong> (Italia), <strong>Takayuki Endo<\/strong> (Jap\u00f3n), <strong>Jaeheon Ha<\/strong> (Corea del Sur), y <strong>Augustas Navickas<\/strong> (Lituania), y <strong>Michel Mu\u00f1oz Malag\u00f3<\/strong> (M\u00e9xico).<\/p>\n<p><strong>Jos\u00e9 Duarte Servin<\/strong> (Paraguay), <strong>Jaroslaw Kailing<\/strong> (Polonia), <strong>Alexey Chuvashev<\/strong> (Rusia), <strong>Jaruad Duangwao<\/strong> (Tailandia), <strong>Roman Polianskyi<\/strong> (Ucrania), <strong>Angel Font<\/strong> (Uruguay), y <strong>Blake Haxton<\/strong> (Estados Unidos).<\/p>\n","protected":false},"excerpt":{"rendered":"<p>(S\u00e1bado 24 de agosto de 2019). El remero del Club de Regatas Corrientes, Alejandro Vera, ya se encuentra entrenando en Austria a la espera de su heat (el lunes) en el Campeonato Mundial de Remo Adaptado en Linz-Ottensheim. El equipo de remo adaptado de la Argentina, integrado por Brenda Sard\u00f3n (Club de Regatas La Plata), &hellip;<\/p>\n","protected":false},"author":1,"featured_media":21350,"comment_status":"closed","ping_status":"closed","sticky":false,"template":"","format":"standard","meta":{"footnotes":""},"categories":[156,18],"tags":[],"_links":{"self":[{"href":"https:\/\/crc.org.ar\/w\/wp-json\/wp\/v2\/posts\/21348"}],"collection":[{"href":"https:\/\/crc.org.ar\/w\/wp-json\/wp\/v2\/posts"}],"about":[{"href":"https:\/\/crc.org.ar\/w\/wp-json\/wp\/v2\/types\/post"}],"author":[{"embeddable":true,"href":"https:\/\/crc.org.ar\/w\/wp-json\/wp\/v2\/users\/1"}],"replies":[{"embeddable":true,"href":"https:\/\/crc.org.ar\/w\/wp-json\/wp\/v2\/comments?post=21348"}],"version-history":[{"count":1,"href":"https:\/\/crc.org.ar\/w\/wp-json\/wp\/v2\/posts\/21348\/revisions"}],"predecessor-version":[{"id":21351,"href":"https:\/\/crc.org.ar\/w\/wp-json\/wp\/v2\/posts\/21348\/revisions\/21351"}],"wp:featuredmedia":[{"embeddable":true,"href":"https:\/\/crc.org.ar\/w\/wp-json\/wp\/v2\/media\/21350"}],"wp:attachment":[{"href":"https:\/\/crc.org.ar\/w\/wp-json\/wp\/v2\/media?parent=21348"}],"wp:term":[{"taxonomy":"category","embeddable":true,"href":"https:\/\/crc.org.ar\/w\/wp-json\/wp\/v2\/categories?post=21348"},{"taxonomy":"post_tag","embeddable":true,"href":"https:\/\/crc.org.ar\/w\/wp-json\/wp\/v2\/tags?post=21348"}],"curies":[{"name":"wp","href":"https:\/\/api.w.org\/{rel}","templated":true}]}}