{"id":21399,"date":"2019-08-26T12:13:41","date_gmt":"2019-08-26T15:13:41","guid":{"rendered":"https:\/\/crc.org.ar\/w\/?p=21399"},"modified":"2019-08-26T12:13:41","modified_gmt":"2019-08-26T15:13:41","slug":"alejandro-vera-quedo-cuarto-en-su-serie-y-va-al-repechaje","status":"publish","type":"post","link":"https:\/\/crc.org.ar\/w\/alejandro-vera-quedo-cuarto-en-su-serie-y-va-al-repechaje\/","title":{"rendered":"Alejandro Vera qued\u00f3 cuarto en su serie y va al Repechaje"},"content":{"rendered":"<p>(Lunes 26 de agosto de 2019). El remero del Club de Regatas Corrientes, <strong>Alejandro Vera<\/strong>, termin\u00f3 cuarto en su serie eliminatoria y ahora va al Repechaje en el Campeonato Mundial de Remo Adaptado en Linz-Ottensheim. Pr\u00f3xima presentaci\u00f3n el mi\u00e9rcoles.<!--more--><\/p>\n<p><a href=\"https:\/\/crc.org.ar\/w\/wp-content\/uploads\/2019\/08\/Alejandro-Magno-Vera.jpg\"><img loading=\"lazy\" decoding=\"async\" class=\"alignright size-medium wp-image-21400\" src=\"https:\/\/crc.org.ar\/w\/wp-content\/uploads\/2019\/08\/Alejandro-Magno-Vera-300x300.jpg\" alt=\"\" width=\"300\" height=\"300\" srcset=\"https:\/\/crc.org.ar\/w\/wp-content\/uploads\/2019\/08\/Alejandro-Magno-Vera-300x300.jpg 300w, https:\/\/crc.org.ar\/w\/wp-content\/uploads\/2019\/08\/Alejandro-Magno-Vera-150x150.jpg 150w, https:\/\/crc.org.ar\/w\/wp-content\/uploads\/2019\/08\/Alejandro-Magno-Vera.jpg 480w\" sizes=\"(max-width: 300px) 100vw, 300px\" \/><\/a>Con un tiempo de 11 minutos, 25 segundos y 43 cent\u00e9simas, el remero del Club de Regatas Corrientes, <strong>Alejandro Vera<\/strong>, finaliz\u00f3 en la cuarta ubicaci\u00f3n en la serie eliminatoria de la categor\u00eda PR1-W1X del Mundial de Remo Adaptado en Linz-Ottensheim (Austria).<\/p>\n<p><strong>Roman Polianskyi<\/strong> (Ucrania) gan\u00f3 la serie con un tiempo de 10 minutos, 33 segundos y 96 cent\u00e9simas, logrando el \u00fanico boleto para las semifinales de la categor\u00eda; en tanto el resto deber\u00e1 buscar su lugar en el Repechaje.<\/p>\n<p>Segundo qued\u00f3 <strong>Jaroslaw Kailing<\/strong> (Polonia) 10\u201955\u201d00\/100 y tercero <strong>Augustas Navickas<\/strong> (Lituania) 11\u201913\u201d05\/100; precisamente la idea de Vera era mantenerse cerca del lituano, aspecto que lo consigui\u00f3 hasta segundos finales.<\/p>\n<p>Adem\u00e1s en la serie pudo ganarle a sus potenciales rivales sudamericanos en el \u00faltimo Selectivo que habr\u00e1 en 2020 en R\u00edo de Janeiro para Tokio. Tales los casos de <strong>Michel Mu\u00f1oz Malag\u00f3<\/strong> (M\u00e9xico) 12\u201901\u201d25\/100, y <strong>Angel Font<\/strong> (Uruguay) 12\u201917\u201d45\/100.<\/p>\n<p>Ahora el camino de Vera en el Mundial seguir\u00e1 el pr\u00f3ximo mi\u00e9rcoles con otra serie eliminatoria dur\u00edsima pero ya en el Repechaje, en otra prueba de fuego para el correntino en busca de su destino final.<\/p>\n<p>All\u00ed tendr\u00e1 como rivales a <strong>Ilian Mladenov<\/strong> (Bulgaria) que en su serie eliminatoria marc\u00f3 un tiempo de 12\u201957\u201d80\/100, <strong>Jie Yang<\/strong> (China) 11\u201905\u201d30\/100, <strong>Shmuel Daniel<\/strong> (Israel) 10\u201932\u201d45\/100, y<strong> Takayuki Endo<\/strong> (Jap\u00f3n) 11\u201942\u201d557100.<\/p>\n<p>Cabe se\u00f1alar que hasta el momento ya se ganaron un lugar en la siguiente instancia el mencionado <strong>Roman Polianskyi<\/strong> (Ucrania), adem\u00e1s de <strong>Erik Horrie<\/strong> (Australia) 10\u201914\u201d487100, y <strong>Benjamin Pritchard<\/strong> (Gran Breta\u00f1a) 10\u201917\u201d57\/100.<\/p>\n<p>Como as\u00ed tambi\u00e9n <strong>Rene Pereira<\/strong> (Brasil) 10\u201920\u201d19\/100, otro potencial rival para el Selectivo en Sudam\u00e9rica para Tokio 2020, pero el brasile\u00f1o tiene chances claras de llevarse uno de los siete boletos en este Mundial de Linz.<\/p>\n","protected":false},"excerpt":{"rendered":"<p>(Lunes 26 de agosto de 2019). El remero del Club de Regatas Corrientes, Alejandro Vera, termin\u00f3 cuarto en su serie eliminatoria y ahora va al Repechaje en el Campeonato Mundial de Remo Adaptado en Linz-Ottensheim. Pr\u00f3xima presentaci\u00f3n el mi\u00e9rcoles. Con un tiempo de 11 minutos, 25 segundos y 43 cent\u00e9simas, el remero del Club de &hellip;<\/p>\n","protected":false},"author":1,"featured_media":21401,"comment_status":"closed","ping_status":"closed","sticky":false,"template":"","format":"standard","meta":{"footnotes":""},"categories":[156,18],"tags":[],"_links":{"self":[{"href":"https:\/\/crc.org.ar\/w\/wp-json\/wp\/v2\/posts\/21399"}],"collection":[{"href":"https:\/\/crc.org.ar\/w\/wp-json\/wp\/v2\/posts"}],"about":[{"href":"https:\/\/crc.org.ar\/w\/wp-json\/wp\/v2\/types\/post"}],"author":[{"embeddable":true,"href":"https:\/\/crc.org.ar\/w\/wp-json\/wp\/v2\/users\/1"}],"replies":[{"embeddable":true,"href":"https:\/\/crc.org.ar\/w\/wp-json\/wp\/v2\/comments?post=21399"}],"version-history":[{"count":1,"href":"https:\/\/crc.org.ar\/w\/wp-json\/wp\/v2\/posts\/21399\/revisions"}],"predecessor-version":[{"id":21402,"href":"https:\/\/crc.org.ar\/w\/wp-json\/wp\/v2\/posts\/21399\/revisions\/21402"}],"wp:featuredmedia":[{"embeddable":true,"href":"https:\/\/crc.org.ar\/w\/wp-json\/wp\/v2\/media\/21401"}],"wp:attachment":[{"href":"https:\/\/crc.org.ar\/w\/wp-json\/wp\/v2\/media?parent=21399"}],"wp:term":[{"taxonomy":"category","embeddable":true,"href":"https:\/\/crc.org.ar\/w\/wp-json\/wp\/v2\/categories?post=21399"},{"taxonomy":"post_tag","embeddable":true,"href":"https:\/\/crc.org.ar\/w\/wp-json\/wp\/v2\/tags?post=21399"}],"curies":[{"name":"wp","href":"https:\/\/api.w.org\/{rel}","templated":true}]}}