{"id":21403,"date":"2019-08-26T13:07:41","date_gmt":"2019-08-26T16:07:41","guid":{"rendered":"https:\/\/crc.org.ar\/w\/?p=21403"},"modified":"2019-08-26T13:19:57","modified_gmt":"2019-08-26T16:19:57","slug":"federico-gallardo-se-quedo-con-el-torneo-del-tenis-de-mesa","status":"publish","type":"post","link":"https:\/\/crc.org.ar\/w\/federico-gallardo-se-quedo-con-el-torneo-del-tenis-de-mesa\/","title":{"rendered":"Federico Gallardo se qued\u00f3 con el torneo de tenis de mesa"},"content":{"rendered":"<p>(Lunes 26 de agosto de 2019). <strong>Federico Gallardo<\/strong>, en la categor\u00eda Primera, se qued\u00f3 con el Torneo Interno de tenis mesa del Club de Regatas Corrientes. Entre las Damas, <strong>D\u00e9bora Romero<\/strong> fue la ganadora.<!--more--><\/p>\n<p>La subcomisi\u00f3n de tenis de mesa del Club de Regatas Corrientes comenz\u00f3 el \u00faltimo fin de semana a organizar una serie de torneos internos de la especialidad, de cara al segundo semestre de la temporada.<\/p>\n<p><strong>Federico Gallardo<\/strong>, en la categor\u00eda Primera, se qued\u00f3 con el torneo, en tanto que en Segunda el ganador fue <strong>Enzo Camola<\/strong>; y en la categor\u00eda Tercera los aplausos fueron para <strong>Hugo Feltan. <\/strong><\/p>\n<p>En la categor\u00eda Damas las ganadoras fue <strong>D\u00e9bora Romero<\/strong>, y en Veteranos Maxi 35 el ganador fue <strong>Cayetano Troia<\/strong>, y por \u00faltimo en la Promocional Menores, el t\u00edtulo fue para <strong>Valentino Centuri\u00f3n.<\/strong><\/p>\n<p><strong>TODAS LAS <\/strong><strong>CATEGORIAS<\/strong><\/p>\n<p><strong>Primera:<\/strong> 1- Federico Gallardo, 2- Mat\u00edas Vilte Bosch, y 3- Cayetano Troia y Nicol\u00e1s N\u00fa\u00f1ez.<\/p>\n<p><strong>Segunda<\/strong>: 1- Enzo Camola, 2- Ricardo Fidanza, y 3- Diego Breard y Luciano Galarza.<\/p>\n<p><strong>Tercera:<\/strong> 1- Hugo Feltan, 2- D\u00e9bora Romero, y 3- Benjam\u00edn Mazza y Rodrigo Meda.<\/p>\n<p><strong>Damas:<\/strong> 1- D\u00e9bora Romero, 2- Flavia Dusset, y 3- Gladys Correa y Mar\u00eda Teresa Pozzi.<\/p>\n<p><strong>Maxi (+35):<\/strong> 1- Cayetano Troia, 2- Carlos N\u00fa\u00f1ez, y 3- Miguel Vilte y Hugo Feltan.<\/p>\n<p><strong>Promocional Menores:<\/strong> 1- Valentino Centuri\u00f3n, 2- Kevin Dos Santos, y 3- Patricio Centuri\u00f3n.<\/p>\n<div id='gallery-1' class='gallery galleryid-21403 gallery-columns-4 gallery-size-thumbnail'><figure class='gallery-item'>\n\t\t\t<div class='gallery-icon landscape'>\n\t\t\t\t<a href='https:\/\/crc.org.ar\/w\/wp-content\/uploads\/2019\/08\/tdm.jpeg'><img loading=\"lazy\" decoding=\"async\" width=\"150\" height=\"150\" src=\"https:\/\/crc.org.ar\/w\/wp-content\/uploads\/2019\/08\/tdm-150x150.jpeg\" class=\"attachment-thumbnail size-thumbnail\" alt=\"\" \/><\/a>\n\t\t\t<\/div><\/figure><figure class='gallery-item'>\n\t\t\t<div class='gallery-icon landscape'>\n\t\t\t\t<a href='https:\/\/crc.org.ar\/w\/wp-content\/uploads\/2019\/08\/tdm-6.jpeg'><img loading=\"lazy\" decoding=\"async\" width=\"150\" height=\"150\" src=\"https:\/\/crc.org.ar\/w\/wp-content\/uploads\/2019\/08\/tdm-6-150x150.jpeg\" class=\"attachment-thumbnail size-thumbnail\" alt=\"\" \/><\/a>\n\t\t\t<\/div><\/figure><figure class='gallery-item'>\n\t\t\t<div class='gallery-icon landscape'>\n\t\t\t\t<a href='https:\/\/crc.org.ar\/w\/wp-content\/uploads\/2019\/08\/tdm-5.jpeg'><img loading=\"lazy\" decoding=\"async\" width=\"150\" height=\"150\" src=\"https:\/\/crc.org.ar\/w\/wp-content\/uploads\/2019\/08\/tdm-5-150x150.jpeg\" class=\"attachment-thumbnail size-thumbnail\" alt=\"\" \/><\/a>\n\t\t\t<\/div><\/figure><figure class='gallery-item'>\n\t\t\t<div class='gallery-icon landscape'>\n\t\t\t\t<a href='https:\/\/crc.org.ar\/w\/wp-content\/uploads\/2019\/08\/tdm-4.jpeg'><img loading=\"lazy\" decoding=\"async\" width=\"150\" height=\"150\" src=\"https:\/\/crc.org.ar\/w\/wp-content\/uploads\/2019\/08\/tdm-4-150x150.jpeg\" class=\"attachment-thumbnail size-thumbnail\" alt=\"\" \/><\/a>\n\t\t\t<\/div><\/figure><figure class='gallery-item'>\n\t\t\t<div class='gallery-icon landscape'>\n\t\t\t\t<a href='https:\/\/crc.org.ar\/w\/wp-content\/uploads\/2019\/08\/tdm-3.jpeg'><img loading=\"lazy\" decoding=\"async\" width=\"150\" height=\"150\" src=\"https:\/\/crc.org.ar\/w\/wp-content\/uploads\/2019\/08\/tdm-3-150x150.jpeg\" class=\"attachment-thumbnail size-thumbnail\" alt=\"\" \/><\/a>\n\t\t\t<\/div><\/figure><figure class='gallery-item'>\n\t\t\t<div class='gallery-icon landscape'>\n\t\t\t\t<a href='https:\/\/crc.org.ar\/w\/wp-content\/uploads\/2019\/08\/tdm-2.jpeg'><img loading=\"lazy\" decoding=\"async\" width=\"150\" height=\"150\" src=\"https:\/\/crc.org.ar\/w\/wp-content\/uploads\/2019\/08\/tdm-2-150x150.jpeg\" class=\"attachment-thumbnail size-thumbnail\" alt=\"\" \/><\/a>\n\t\t\t<\/div><\/figure><figure class='gallery-item'>\n\t\t\t<div class='gallery-icon landscape'>\n\t\t\t\t<a href='https:\/\/crc.org.ar\/w\/wp-content\/uploads\/2019\/08\/tdm-1.jpeg'><img loading=\"lazy\" decoding=\"async\" width=\"150\" height=\"150\" src=\"https:\/\/crc.org.ar\/w\/wp-content\/uploads\/2019\/08\/tdm-1-150x150.jpeg\" class=\"attachment-thumbnail size-thumbnail\" alt=\"\" \/><\/a>\n\t\t\t<\/div><\/figure>\n\t\t<\/div>\n\n","protected":false},"excerpt":{"rendered":"<p>(Lunes 26 de agosto de 2019). Federico Gallardo, en la categor\u00eda Primera, se qued\u00f3 con el Torneo Interno de tenis mesa del Club de Regatas Corrientes. Entre las Damas, D\u00e9bora Romero fue la ganadora. La subcomisi\u00f3n de tenis de mesa del Club de Regatas Corrientes comenz\u00f3 el \u00faltimo fin de semana a organizar una serie &hellip;<\/p>\n","protected":false},"author":1,"featured_media":21406,"comment_status":"closed","ping_status":"closed","sticky":false,"template":"","format":"standard","meta":{"footnotes":""},"categories":[156,13],"tags":[],"_links":{"self":[{"href":"https:\/\/crc.org.ar\/w\/wp-json\/wp\/v2\/posts\/21403"}],"collection":[{"href":"https:\/\/crc.org.ar\/w\/wp-json\/wp\/v2\/posts"}],"about":[{"href":"https:\/\/crc.org.ar\/w\/wp-json\/wp\/v2\/types\/post"}],"author":[{"embeddable":true,"href":"https:\/\/crc.org.ar\/w\/wp-json\/wp\/v2\/users\/1"}],"replies":[{"embeddable":true,"href":"https:\/\/crc.org.ar\/w\/wp-json\/wp\/v2\/comments?post=21403"}],"version-history":[{"count":2,"href":"https:\/\/crc.org.ar\/w\/wp-json\/wp\/v2\/posts\/21403\/revisions"}],"predecessor-version":[{"id":21412,"href":"https:\/\/crc.org.ar\/w\/wp-json\/wp\/v2\/posts\/21403\/revisions\/21412"}],"wp:featuredmedia":[{"embeddable":true,"href":"https:\/\/crc.org.ar\/w\/wp-json\/wp\/v2\/media\/21406"}],"wp:attachment":[{"href":"https:\/\/crc.org.ar\/w\/wp-json\/wp\/v2\/media?parent=21403"}],"wp:term":[{"taxonomy":"category","embeddable":true,"href":"https:\/\/crc.org.ar\/w\/wp-json\/wp\/v2\/categories?post=21403"},{"taxonomy":"post_tag","embeddable":true,"href":"https:\/\/crc.org.ar\/w\/wp-json\/wp\/v2\/tags?post=21403"}],"curies":[{"name":"wp","href":"https:\/\/api.w.org\/{rel}","templated":true}]}}