{"id":21433,"date":"2019-08-27T17:27:22","date_gmt":"2019-08-27T20:27:22","guid":{"rendered":"https:\/\/crc.org.ar\/w\/?p=21433"},"modified":"2019-08-27T17:27:22","modified_gmt":"2019-08-27T20:27:22","slug":"miercoles-de-clasico-en-la-abcc","status":"publish","type":"post","link":"https:\/\/crc.org.ar\/w\/miercoles-de-clasico-en-la-abcc\/","title":{"rendered":"Mi\u00e9rcoles de cl\u00e1sico en la ABCC"},"content":{"rendered":"<p>(Martes 27 de agosto de 2019). Este mi\u00e9rcoles por la noche, Regatas Corrientes y San Mart\u00edn estar\u00e1n protagonizando una nueva edici\u00f3n del cl\u00e1sico de la ciudad por el Torneo Oficial de la Asociaci\u00f3n de B\u00e1squetbol de la Ciudad de Corrientes (ABCC).<!--more--><\/p>\n<p><a href=\"https:\/\/crc.org.ar\/w\/wp-content\/uploads\/2019\/08\/ABCC.jpeg\"><img loading=\"lazy\" decoding=\"async\" class=\"size-medium wp-image-21434 alignleft\" src=\"https:\/\/crc.org.ar\/w\/wp-content\/uploads\/2019\/08\/ABCC-300x216.jpeg\" alt=\"\" width=\"300\" height=\"216\" srcset=\"https:\/\/crc.org.ar\/w\/wp-content\/uploads\/2019\/08\/ABCC-300x216.jpeg 300w, https:\/\/crc.org.ar\/w\/wp-content\/uploads\/2019\/08\/ABCC.jpeg 640w\" sizes=\"(max-width: 300px) 100vw, 300px\" \/><\/a>En la noche del mi\u00e9rcoles, en el Estadio de los Sue\u00f1os, Regatas Corrientes y San Mart\u00edn reeditar\u00e1n una nueva edici\u00f3n del cl\u00e1sico correntino, correspondiente a lo que ser\u00e1 la tercera fecha del Torneo Oficial de Primera Divisi\u00f3n de la ABCC.<\/p>\n<p>El duelo est\u00e1 previsto a segunda hora, 22:15, de la jornada basquetbol\u00edstica de todos los mi\u00e9rcoles de la Primera divisi\u00f3n. En el primer turno, Juventus y El Tala estar\u00e1n disputando su respectivo duelo.<\/p>\n<p>Cabe destacar que por parte del \u201crojinegro\u201d, este ser\u00e1 su primer duelo en el campeonato, ya que las dos primeras fechas no tuvieron acci\u00f3n por la suspensi\u00f3n por el Argentino de Mayores en Formosa.<\/p>\n<p>En cuanto al \u201cfantasma\u201d, viene de no jugar en la primera fecha frente a Col\u00f3n por el mismo motivo que su rival, y de ganarle el mi\u00e9rcoles pasado a El Tala, en lo que fue su presentaci\u00f3n en el Oficial.<\/p>\n<p>Como antecedente m\u00e1s cercano en Primera Divisi\u00f3n, est\u00e1 el duelo disputado a principio de a\u00f1o por la Copa Palacio, en lo que fue la primera fecha de dicho certamen, con triunfo \u201cfantasma\u201d por 70 a 65.<\/p>\n<p>En cuanto a los jugadores con los que contar\u00e1 <strong>Juan Pablo Mascar\u00f3<\/strong>, ya podr\u00e1 estar presente <strong>Joaqu\u00edn Marc\u00f3n<\/strong>, quien represent\u00f3 a Chaco en el Argentino. Por otro lado, <strong>Fabio Gauto <\/strong>no estar\u00e1 por estar entrenando con la preselecci\u00f3n Argentina.<\/p>\n<p>En cuanto a la nueva cara del \u201cremero\u201d, el juvenil <strong>Tob\u00edas Francella<\/strong>, podr\u00e1 estar a disposici\u00f3n del entrenador, en cuanto se resuelvan algunos tr\u00e1mites administrativos federativos.<\/p>\n","protected":false},"excerpt":{"rendered":"<p>(Martes 27 de agosto de 2019). Este mi\u00e9rcoles por la noche, Regatas Corrientes y San Mart\u00edn estar\u00e1n protagonizando una nueva edici\u00f3n del cl\u00e1sico de la ciudad por el Torneo Oficial de la Asociaci\u00f3n de B\u00e1squetbol de la Ciudad de Corrientes (ABCC). En la noche del mi\u00e9rcoles, en el Estadio de los Sue\u00f1os, Regatas Corrientes y &hellip;<\/p>\n","protected":false},"author":1,"featured_media":21435,"comment_status":"closed","ping_status":"closed","sticky":false,"template":"","format":"standard","meta":{"footnotes":""},"categories":[80,156],"tags":[],"_links":{"self":[{"href":"https:\/\/crc.org.ar\/w\/wp-json\/wp\/v2\/posts\/21433"}],"collection":[{"href":"https:\/\/crc.org.ar\/w\/wp-json\/wp\/v2\/posts"}],"about":[{"href":"https:\/\/crc.org.ar\/w\/wp-json\/wp\/v2\/types\/post"}],"author":[{"embeddable":true,"href":"https:\/\/crc.org.ar\/w\/wp-json\/wp\/v2\/users\/1"}],"replies":[{"embeddable":true,"href":"https:\/\/crc.org.ar\/w\/wp-json\/wp\/v2\/comments?post=21433"}],"version-history":[{"count":1,"href":"https:\/\/crc.org.ar\/w\/wp-json\/wp\/v2\/posts\/21433\/revisions"}],"predecessor-version":[{"id":21436,"href":"https:\/\/crc.org.ar\/w\/wp-json\/wp\/v2\/posts\/21433\/revisions\/21436"}],"wp:featuredmedia":[{"embeddable":true,"href":"https:\/\/crc.org.ar\/w\/wp-json\/wp\/v2\/media\/21435"}],"wp:attachment":[{"href":"https:\/\/crc.org.ar\/w\/wp-json\/wp\/v2\/media?parent=21433"}],"wp:term":[{"taxonomy":"category","embeddable":true,"href":"https:\/\/crc.org.ar\/w\/wp-json\/wp\/v2\/categories?post=21433"},{"taxonomy":"post_tag","embeddable":true,"href":"https:\/\/crc.org.ar\/w\/wp-json\/wp\/v2\/tags?post=21433"}],"curies":[{"name":"wp","href":"https:\/\/api.w.org\/{rel}","templated":true}]}}