{"id":21445,"date":"2019-08-28T12:03:39","date_gmt":"2019-08-28T15:03:39","guid":{"rendered":"https:\/\/crc.org.ar\/w\/?p=21445"},"modified":"2019-08-28T12:03:39","modified_gmt":"2019-08-28T15:03:39","slug":"gran-regata-de-alejandro-vera-pero-no-alcanzo","status":"publish","type":"post","link":"https:\/\/crc.org.ar\/w\/gran-regata-de-alejandro-vera-pero-no-alcanzo\/","title":{"rendered":"Gran regata de Alejandro Vera, pero no alcanz\u00f3"},"content":{"rendered":"<p>(Mi\u00e9rcoles 28 de agosto de 2019). El remero de Regatas Corrientes, <strong>Alejandro Vera<\/strong>, pese a realizar una tremenda regata termin\u00f3 tercero en su heat del Repechaje y no super\u00f3 el corte eliminatorio para la semifinal A\/B del Campeonato Mundial de Remo Adaptado en Linz-Ottensheim. Ahora, este jueves, va a la semifinal C\/D.<!--more--><\/p>\n<p><a href=\"https:\/\/crc.org.ar\/w\/wp-content\/uploads\/2019\/08\/Ale-Vera-1.jpg\"><img loading=\"lazy\" decoding=\"async\" class=\"size-medium wp-image-21446 alignleft\" src=\"https:\/\/crc.org.ar\/w\/wp-content\/uploads\/2019\/08\/Ale-Vera-1-300x188.jpg\" alt=\"\" width=\"300\" height=\"188\" srcset=\"https:\/\/crc.org.ar\/w\/wp-content\/uploads\/2019\/08\/Ale-Vera-1-300x188.jpg 300w, https:\/\/crc.org.ar\/w\/wp-content\/uploads\/2019\/08\/Ale-Vera-1.jpg 640w\" sizes=\"(max-width: 300px) 100vw, 300px\" \/><\/a>El remero del Club de Regatas Corrientes, <strong>Alejandro Vera<\/strong>, qued\u00f3 muy cerca de meterse en la semifinal A\/B, en la categor\u00eda PR1-M1X, \u00a0en el Campeonato Mundial de Remo Adaptado en Linz-Ottensheim, Austria.<\/p>\n<p>Este mi\u00e9rcoles, en el heat 1 del Repechaje, el remero regatense cumpli\u00f3 una excelente performance logrando un tiempo de 10 minutos, 54 segundos y 28 cent\u00e9simas, para quedar en el tercer lugar.<\/p>\n<p>No le alcanz\u00f3 ya que s\u00f3lo los dos primeros pasaban a la semifinal A\/B, y ellos fueron <strong>Shmuel Daniel<\/strong> (Israel) con un tiempo de 10\u201912\u201d44\/100 y <strong>Jie Yang<\/strong> (China) con un registro de 10\u201924\u201d82\/100, lo que habla a las claras que Vera estuvo muy cerca de su objetivo.<\/p>\n<p>Hay que remarcar que en el heat 1 del Repechaje, el cuarto lugar fue para <strong>Takayuki Endo<\/strong> (Jap\u00f3n) con una marca de 11\u201911\u201d57\/100, y la quinta posici\u00f3n para <strong>Ilian Mladenov<\/strong> (Bulgaria) con un tiempo de 11\u201932\u201d78\/100.<\/p>\n<p>En el resto de los heat del Repechaje, los clasificados fueron <strong>Blake Haxton<\/strong> (Estados Unidos) 10\u201905\u201d21\/100, <strong>Augustas Navickas<\/strong> (Lituania) 10\u201932\u201d47\/100, y <strong>Jaroslaw Kailing<\/strong> (Polonia) 10\u201921\u201d10\/100.<\/p>\n<p>Adem\u00e1s de <strong>Julien Hardi<\/strong> (Francia) 10\u201930\u201d42\/100, <strong>Alexey Chuvashev<\/strong> (Rusia) 9\u201951\u201d28\/100, este con el mejor tiempo hasta ahora del Mundial, y <strong>Fabrizio Caselli<\/strong> (Italia) 10\u201930\u201d28\/100.<\/p>\n<p>Recordemos que en forma directa ya se ganaron su lugar en la Semifinal A\/B <strong>Roman Polianskyi<\/strong> (Ucrania) 10\u201933\u201d96\/100, <strong>Erik Horrie<\/strong> (Australia) 10\u201914\u201d487100<strong>, Benjamin Pritchard<\/strong> (Gran Breta\u00f1a) 10\u201917\u201d57\/100, y <strong>Rene Pereira<\/strong> (Brasil) 10\u201920\u201d19\/100.<\/p>\n<p><strong>VERA EN SEMIFINAL C\/D<\/strong><\/p>\n<p>Este jueves, en tanto, Alejandro Vera tendr\u00e1 un nuevo desaf\u00edo el heat 1 de la Semifinal C\/D, en donde deber\u00e1 medirse con <strong>Angel Font<\/strong> (Uruguay), <strong>Loren Pearson<\/strong> (Canad\u00e1), <strong>Johannes Schmidt<\/strong> (Alemania), <strong>Michel Mu\u00f1oz Malag\u00f3<\/strong> (M\u00e9xico), e <strong>Ilian Mladenov<\/strong> (Bulgaria).<\/p>\n","protected":false},"excerpt":{"rendered":"<p>(Mi\u00e9rcoles 28 de agosto de 2019). El remero de Regatas Corrientes, Alejandro Vera, pese a realizar una tremenda regata termin\u00f3 tercero en su heat del Repechaje y no super\u00f3 el corte eliminatorio para la semifinal A\/B del Campeonato Mundial de Remo Adaptado en Linz-Ottensheim. Ahora, este jueves, va a la semifinal C\/D. El remero del &hellip;<\/p>\n","protected":false},"author":1,"featured_media":21447,"comment_status":"closed","ping_status":"closed","sticky":false,"template":"","format":"standard","meta":{"footnotes":""},"categories":[156,18],"tags":[],"_links":{"self":[{"href":"https:\/\/crc.org.ar\/w\/wp-json\/wp\/v2\/posts\/21445"}],"collection":[{"href":"https:\/\/crc.org.ar\/w\/wp-json\/wp\/v2\/posts"}],"about":[{"href":"https:\/\/crc.org.ar\/w\/wp-json\/wp\/v2\/types\/post"}],"author":[{"embeddable":true,"href":"https:\/\/crc.org.ar\/w\/wp-json\/wp\/v2\/users\/1"}],"replies":[{"embeddable":true,"href":"https:\/\/crc.org.ar\/w\/wp-json\/wp\/v2\/comments?post=21445"}],"version-history":[{"count":1,"href":"https:\/\/crc.org.ar\/w\/wp-json\/wp\/v2\/posts\/21445\/revisions"}],"predecessor-version":[{"id":21448,"href":"https:\/\/crc.org.ar\/w\/wp-json\/wp\/v2\/posts\/21445\/revisions\/21448"}],"wp:featuredmedia":[{"embeddable":true,"href":"https:\/\/crc.org.ar\/w\/wp-json\/wp\/v2\/media\/21447"}],"wp:attachment":[{"href":"https:\/\/crc.org.ar\/w\/wp-json\/wp\/v2\/media?parent=21445"}],"wp:term":[{"taxonomy":"category","embeddable":true,"href":"https:\/\/crc.org.ar\/w\/wp-json\/wp\/v2\/categories?post=21445"},{"taxonomy":"post_tag","embeddable":true,"href":"https:\/\/crc.org.ar\/w\/wp-json\/wp\/v2\/tags?post=21445"}],"curies":[{"name":"wp","href":"https:\/\/api.w.org\/{rel}","templated":true}]}}