{"id":21484,"date":"2019-08-29T18:08:54","date_gmt":"2019-08-29T21:08:54","guid":{"rendered":"https:\/\/crc.org.ar\/w\/?p=21484"},"modified":"2019-08-29T18:08:54","modified_gmt":"2019-08-29T21:08:54","slug":"alejandro-vera-se-metio-en-la-final-c-del-mundial-en-linz","status":"publish","type":"post","link":"https:\/\/crc.org.ar\/w\/alejandro-vera-se-metio-en-la-final-c-del-mundial-en-linz\/","title":{"rendered":"Alejandro Vera se meti\u00f3 en la  final \u201cC\u201d del Mundial en Linz"},"content":{"rendered":"<p>(Jueves 29 de agosto de 2019). El remero de Regatas Corrientes, <strong>Alejandro Vera<\/strong>, volvi\u00f3 a realizar un tremendo trabajo para quedar segundo en el heat semifinal C\/D del Campeonato Mundial de Remo Adaptado en Linz-Ottensheim. Este domingo disputar\u00e1 la final \u201cC\u201d.<\/p>\n<p><!--more--><\/p>\n<p><img loading=\"lazy\" decoding=\"async\" class=\"alignleft wp-image-21485 size-medium\" src=\"https:\/\/crc.org.ar\/w\/wp-content\/uploads\/2019\/08\/ale-vera1-300x164.jpeg\" alt=\"\" width=\"300\" height=\"164\" srcset=\"https:\/\/crc.org.ar\/w\/wp-content\/uploads\/2019\/08\/ale-vera1-300x164.jpeg 300w, https:\/\/crc.org.ar\/w\/wp-content\/uploads\/2019\/08\/ale-vera1-768x420.jpeg 768w, https:\/\/crc.org.ar\/w\/wp-content\/uploads\/2019\/08\/ale-vera1-1024x560.jpeg 1024w, https:\/\/crc.org.ar\/w\/wp-content\/uploads\/2019\/08\/ale-vera1.jpeg 1299w\" sizes=\"(max-width: 300px) 100vw, 300px\" \/>El remero del Club de Regatas Corrientes, <strong>Alejandro Vera<\/strong>, sigue bajando sus tiempos y code\u00e1ndose con los mejores en la categor\u00eda PR1-M1X del Campeonato Mundial de Remo Adaptado en Linz-Ottensheim, Austria.<\/p>\n<p>Este jueves, en el heat 1 de la Semifinal C\/D, con un tiempo de 10 minutos, 49 segundos y 28 cent\u00e9simas, <strong>\u201cAle\u201d Vera<\/strong> qued\u00f3 segundo y sorte\u00f3 el corte eliminatorio para meterse en la Final \u201cC\u201d que se llevar\u00e1 a cabo el domingo.<\/p>\n<p>El ganador del heat fue el alem\u00e1n <strong>Johannes SCHMIDT<\/strong> con un tiempo de 10 minutos, 41 segundos y 51 cent\u00e9simas; es decir que Vera estuvo a menos de ocho segundos del teut\u00f3n; en una eliminatoria en donde qued\u00f3 tercero <strong>Loren Can Pearson<\/strong> (Canad\u00e1) 11\u20191\u201d52\/100.<\/p>\n<p>Lo interesante del heat, especialmente para Vera, es que en el mismo fueron de la partida el mexicano <strong>Michel Mu\u00f1oz Malag\u00f3n<\/strong> y el uruguayo <strong>Angel Font<\/strong>, rivales en el Repechaje Sudamericano para Tokio 2020.<\/p>\n<p><strong>Michel Mu\u00f1oz Malag\u00f3n <\/strong>finaliz\u00f3 cuarto con un tiempo de 11 minutos, 10 segundos y 78 cent\u00e9simas; mientras que <strong>Angel Font <\/strong>fue quinto con un registro de 11 minutos, 26 segundos y 37 cent\u00e9simas.<\/p>\n<p>Cabe se\u00f1alar que en la sexta y \u00faltima ubicaci\u00f3n del heat, que otorg\u00f3 tres plazas para la Final \u201cC\u201d (el resto disputar\u00e1 la final \u201cD\u201d todo el domingo), qued\u00f3 el b\u00falgaro <strong>Ilian Mladenov <\/strong>con un tiempo de 11 minuto, 35 segundos y 86 cent\u00e9simas.<\/p>\n<p>Los otros remeros, provenientes del heat 2, que accedieron a la final \u201cC\u201d son <strong>Zsolt Peto<\/strong> (Hungr\u00eda) 10\u201935\u201d57\/100, <strong>Jaeheon Ha<\/strong> (Corea del Sur) 10\u201939\u201d48\/100, y <strong>Louis Toussaint<\/strong> (B\u00e9lgica) 10\u201942\u201d56\/100.<\/p>\n<p>&nbsp;<\/p>\n","protected":false},"excerpt":{"rendered":"<p>(Jueves 29 de agosto de 2019). El remero de Regatas Corrientes, Alejandro Vera, volvi\u00f3 a realizar un tremendo trabajo para quedar segundo en el heat semifinal C\/D del Campeonato Mundial de Remo Adaptado en Linz-Ottensheim. Este domingo disputar\u00e1 la final \u201cC\u201d. El remero del Club de Regatas Corrientes, Alejandro Vera, sigue bajando sus tiempos y &hellip;<\/p>\n","protected":false},"author":1,"featured_media":21485,"comment_status":"closed","ping_status":"closed","sticky":false,"template":"","format":"standard","meta":{"footnotes":""},"categories":[156,18],"tags":[],"_links":{"self":[{"href":"https:\/\/crc.org.ar\/w\/wp-json\/wp\/v2\/posts\/21484"}],"collection":[{"href":"https:\/\/crc.org.ar\/w\/wp-json\/wp\/v2\/posts"}],"about":[{"href":"https:\/\/crc.org.ar\/w\/wp-json\/wp\/v2\/types\/post"}],"author":[{"embeddable":true,"href":"https:\/\/crc.org.ar\/w\/wp-json\/wp\/v2\/users\/1"}],"replies":[{"embeddable":true,"href":"https:\/\/crc.org.ar\/w\/wp-json\/wp\/v2\/comments?post=21484"}],"version-history":[{"count":1,"href":"https:\/\/crc.org.ar\/w\/wp-json\/wp\/v2\/posts\/21484\/revisions"}],"predecessor-version":[{"id":21486,"href":"https:\/\/crc.org.ar\/w\/wp-json\/wp\/v2\/posts\/21484\/revisions\/21486"}],"wp:featuredmedia":[{"embeddable":true,"href":"https:\/\/crc.org.ar\/w\/wp-json\/wp\/v2\/media\/21485"}],"wp:attachment":[{"href":"https:\/\/crc.org.ar\/w\/wp-json\/wp\/v2\/media?parent=21484"}],"wp:term":[{"taxonomy":"category","embeddable":true,"href":"https:\/\/crc.org.ar\/w\/wp-json\/wp\/v2\/categories?post=21484"},{"taxonomy":"post_tag","embeddable":true,"href":"https:\/\/crc.org.ar\/w\/wp-json\/wp\/v2\/tags?post=21484"}],"curies":[{"name":"wp","href":"https:\/\/api.w.org\/{rel}","templated":true}]}}