{"id":21532,"date":"2019-09-01T19:21:36","date_gmt":"2019-09-01T22:21:36","guid":{"rendered":"https:\/\/crc.org.ar\/w\/?p=21532"},"modified":"2019-09-01T19:21:36","modified_gmt":"2019-09-01T22:21:36","slug":"alejandro-vera-termino-tercero-en-la-final-c-del-mundial-en-linz","status":"publish","type":"post","link":"https:\/\/crc.org.ar\/w\/alejandro-vera-termino-tercero-en-la-final-c-del-mundial-en-linz\/","title":{"rendered":"Alejandro Vera termin\u00f3 tercero en la final \u201cC\u201d del Mundial en Linz"},"content":{"rendered":"<p>(Domingo 1 de septiembre de 2019). El remero del Club de Regatas Corrientes, <strong>Alejandro Vera<\/strong>, termin\u00f3 tercero en la final \u201cC\u201d\u00a0 del Campeonato Mundial de Remo Adaptado en Linz-Ottensheim, quedando decimoquinto entre los mejores del mundo.<!--more--><\/p>\n<p><a href=\"https:\/\/crc.org.ar\/w\/wp-content\/uploads\/2019\/09\/ale-vera.jpeg\"><img loading=\"lazy\" decoding=\"async\" class=\"alignright size-medium wp-image-21533\" src=\"https:\/\/crc.org.ar\/w\/wp-content\/uploads\/2019\/09\/ale-vera-288x300.jpeg\" alt=\"\" width=\"288\" height=\"300\" srcset=\"https:\/\/crc.org.ar\/w\/wp-content\/uploads\/2019\/09\/ale-vera-288x300.jpeg 288w, https:\/\/crc.org.ar\/w\/wp-content\/uploads\/2019\/09\/ale-vera.jpeg 480w\" sizes=\"(max-width: 288px) 100vw, 288px\" \/><\/a>Bajando nuevamente sus tiempos, el remero del Club de Regatas Corrientes, <strong>Alejandro Vera<\/strong>, termin\u00f3 tercero en la final \u201cC\u201d\u00a0 del Campeonato Mundial de Remo Adaptado en Linz-Ottensheim, en la categor\u00eda PR1-W1X.<\/p>\n<p>Vera utiliz\u00f3 un tiempo de 10 minutos, 48 segundos y 53 cent\u00e9simas, para recorrer los 2.000 metros del lago en Linz-Ottensheim, y as\u00ed terminar entre los mejores quince (15) del mundo.<\/p>\n<p>El ganador de la final \u201cC\u201d fue el alem\u00e1n <strong>Johannes Schmidt<\/strong> con un tiempo de 10 minutos, 34 segundos, y 70 cent\u00e9simas, seguido por el belga <strong>Louis Toussaint<\/strong> con un registro de 10 minutos, 42 segundos, y 72 cent\u00e9simas.<\/p>\n<p>El ucraniano <strong>Roman Polianskyi<\/strong> se consagr\u00f3 campe\u00f3n del mundo al ganar la final \u201cA\u201d con un tiempo de 9 minutos, 12 segundos y 99 cent\u00e9simas; y estableci\u00f3 un nuevo record del mundo. El anterior era de 9\u201916\u201d90\/100 en el Mundial de Plovdiv (Bulgaria) 2018.<\/p>\n<p>Adem\u00e1s <strong>Roman Polianskyi<\/strong> logr\u00f3 uno de los siete boletos para los Juegos Paraol\u00edmpicos de Tokio 2020, al igual que <strong>Alexey Chuvashev<\/strong> (Rusia) 9\u201919\u201d43\/100, <strong>Erik Horrie<\/strong> (Australia) 9\u201923\u201d86\/100, y <strong>Benjam\u00edn Pritchard<\/strong> (Gran Breta\u00f1a) 9\u201924\u201d80\/100.<\/p>\n<p>Tambi\u00e9n lo hicieron el brasile\u00f1o <strong>Ren\u00e9 Pereira<\/strong> 9\u201942\u201d61\/100, que deja (como se preve\u00eda) el Repechaje Sudamericano 2020 para el Tokio totalmente abierto, <strong>Shmuel Daniel<\/strong> (Israel) 10\u201900\u201d98\/100, y <strong>Blake Haxton<\/strong> (Estados Unidos) 10\u201906\u201d33\/100, ganador de la final \u201cB\u201d.<\/p>\n<p>De esta manera lleg\u00f3 a su fin el Mundial de remo adaptado para el remero del Club de Regatas Corrientes, <strong>Alejandro Vera<\/strong>, que termin\u00f3 haciendo un gran campeonato del mundo, estando a la altura de las circunstancias y fundamentalmente bajando sus tiempos.<\/p>\n","protected":false},"excerpt":{"rendered":"<p>(Domingo 1 de septiembre de 2019). El remero del Club de Regatas Corrientes, Alejandro Vera, termin\u00f3 tercero en la final \u201cC\u201d\u00a0 del Campeonato Mundial de Remo Adaptado en Linz-Ottensheim, quedando decimoquinto entre los mejores del mundo. Bajando nuevamente sus tiempos, el remero del Club de Regatas Corrientes, Alejandro Vera, termin\u00f3 tercero en la final \u201cC\u201d\u00a0 &hellip;<\/p>\n","protected":false},"author":1,"featured_media":21534,"comment_status":"closed","ping_status":"closed","sticky":false,"template":"","format":"standard","meta":{"footnotes":""},"categories":[156,18],"tags":[],"_links":{"self":[{"href":"https:\/\/crc.org.ar\/w\/wp-json\/wp\/v2\/posts\/21532"}],"collection":[{"href":"https:\/\/crc.org.ar\/w\/wp-json\/wp\/v2\/posts"}],"about":[{"href":"https:\/\/crc.org.ar\/w\/wp-json\/wp\/v2\/types\/post"}],"author":[{"embeddable":true,"href":"https:\/\/crc.org.ar\/w\/wp-json\/wp\/v2\/users\/1"}],"replies":[{"embeddable":true,"href":"https:\/\/crc.org.ar\/w\/wp-json\/wp\/v2\/comments?post=21532"}],"version-history":[{"count":1,"href":"https:\/\/crc.org.ar\/w\/wp-json\/wp\/v2\/posts\/21532\/revisions"}],"predecessor-version":[{"id":21535,"href":"https:\/\/crc.org.ar\/w\/wp-json\/wp\/v2\/posts\/21532\/revisions\/21535"}],"wp:featuredmedia":[{"embeddable":true,"href":"https:\/\/crc.org.ar\/w\/wp-json\/wp\/v2\/media\/21534"}],"wp:attachment":[{"href":"https:\/\/crc.org.ar\/w\/wp-json\/wp\/v2\/media?parent=21532"}],"wp:term":[{"taxonomy":"category","embeddable":true,"href":"https:\/\/crc.org.ar\/w\/wp-json\/wp\/v2\/categories?post=21532"},{"taxonomy":"post_tag","embeddable":true,"href":"https:\/\/crc.org.ar\/w\/wp-json\/wp\/v2\/tags?post=21532"}],"curies":[{"name":"wp","href":"https:\/\/api.w.org\/{rel}","templated":true}]}}