{"id":21580,"date":"2019-09-03T16:50:03","date_gmt":"2019-09-03T19:50:03","guid":{"rendered":"https:\/\/crc.org.ar\/w\/?p=21580"},"modified":"2019-09-03T16:50:03","modified_gmt":"2019-09-03T19:50:03","slug":"regatas-se-enfrenta-al-granate","status":"publish","type":"post","link":"https:\/\/crc.org.ar\/w\/regatas-se-enfrenta-al-granate\/","title":{"rendered":"Regatas se enfrenta al \u201cgranate\u201d"},"content":{"rendered":"<p>(Martes 3 de septiembre de 2019). Este mi\u00e9rcoles en la noche, Regatas Corrientes se medir\u00e1 con Juventus en uno de los duelos m\u00e1s atractivos de la cuarta fecha del Torneo Oficial de la ABCC.<!--more--><\/p>\n<p><a href=\"https:\/\/crc.org.ar\/w\/wp-content\/uploads\/2019\/09\/Gonzalez-Nadal2.jpeg\"><img loading=\"lazy\" decoding=\"async\" class=\"size-medium wp-image-21581 alignleft\" src=\"https:\/\/crc.org.ar\/w\/wp-content\/uploads\/2019\/09\/Gonzalez-Nadal2-300x226.jpeg\" alt=\"\" width=\"300\" height=\"226\" srcset=\"https:\/\/crc.org.ar\/w\/wp-content\/uploads\/2019\/09\/Gonzalez-Nadal2-300x226.jpeg 300w, https:\/\/crc.org.ar\/w\/wp-content\/uploads\/2019\/09\/Gonzalez-Nadal2.jpeg 636w\" sizes=\"(max-width: 300px) 100vw, 300px\" \/><\/a>Este mi\u00e9rcoles a partir de las 21 horas, Regatas y Juventus estar\u00e1n llevando a cabo su duelo correspondiente a la cuarta fecha del Torneo Oficial de Primera Divisi\u00f3n de la Asociaci\u00f3n de B\u00e1squet de la Ciudad de Corrientes (ABCC).<\/p>\n<p>El trascendental encuentro se jugar\u00e1 en la cancha del club El Tala, y ser\u00e1 la antesala para lo que luego ser\u00e1 el partido entre el local y Uni\u00f3n Arroyito, en un juego entre los reci\u00e9n ascendidos.<\/p>\n<p>Por su parte, tanto Regatas como Juventus, vienen de dos victorias en sus dos presentaciones, siendo que el \u201cfantasma\u201d tuvo su partido postergado en la primera fecha, y el \u201cgranate\u201d le sucedi\u00f3 lo mismo en la segunda jornada.<\/p>\n<p>El \u201cremero\u201d que le hab\u00eda ganado a El Tala en la segunda fecha, viene de conseguir un gran triunfo la jornada pasada en el cl\u00e1sico de la ciudad, frente a San Mart\u00edn.<\/p>\n<p>El club del barrio Belgrano por su parte, le gan\u00f3 a Alvear en la primera fecha, en la segunda no jug\u00f3 por la suspensi\u00f3n de su duelo, y en la fecha anterior le gan\u00f3 a El Tala por apenas un punto.<\/p>\n<p>Por ahora, con las dos victorias, Regatas y Juventus comparten la cima del torneo junto con Alvear, quien jug\u00f3 las tres fechas con dos derrotas y una sola victoria.<\/p>\n<p><strong>FIXTURE<\/strong><\/p>\n<p><strong>Cancha de Col\u00f3n:<\/strong> 21 horas San Mart\u00edn \u2013 Alvear, y 22 horas Col\u00f3n \u2013 c\u00f3rdoba.<\/p>\n<p><strong>Cancha de El Tala:<\/strong> 21 horas Regatas \u2013 Juventus, y 22 horas El Tala \u2013 Arroyito.<\/p>\n","protected":false},"excerpt":{"rendered":"<p>(Martes 3 de septiembre de 2019). Este mi\u00e9rcoles en la noche, Regatas Corrientes se medir\u00e1 con Juventus en uno de los duelos m\u00e1s atractivos de la cuarta fecha del Torneo Oficial de la ABCC. Este mi\u00e9rcoles a partir de las 21 horas, Regatas y Juventus estar\u00e1n llevando a cabo su duelo correspondiente a la cuarta &hellip;<\/p>\n","protected":false},"author":1,"featured_media":21582,"comment_status":"closed","ping_status":"closed","sticky":false,"template":"","format":"standard","meta":{"footnotes":""},"categories":[80,156],"tags":[],"_links":{"self":[{"href":"https:\/\/crc.org.ar\/w\/wp-json\/wp\/v2\/posts\/21580"}],"collection":[{"href":"https:\/\/crc.org.ar\/w\/wp-json\/wp\/v2\/posts"}],"about":[{"href":"https:\/\/crc.org.ar\/w\/wp-json\/wp\/v2\/types\/post"}],"author":[{"embeddable":true,"href":"https:\/\/crc.org.ar\/w\/wp-json\/wp\/v2\/users\/1"}],"replies":[{"embeddable":true,"href":"https:\/\/crc.org.ar\/w\/wp-json\/wp\/v2\/comments?post=21580"}],"version-history":[{"count":1,"href":"https:\/\/crc.org.ar\/w\/wp-json\/wp\/v2\/posts\/21580\/revisions"}],"predecessor-version":[{"id":21583,"href":"https:\/\/crc.org.ar\/w\/wp-json\/wp\/v2\/posts\/21580\/revisions\/21583"}],"wp:featuredmedia":[{"embeddable":true,"href":"https:\/\/crc.org.ar\/w\/wp-json\/wp\/v2\/media\/21582"}],"wp:attachment":[{"href":"https:\/\/crc.org.ar\/w\/wp-json\/wp\/v2\/media?parent=21580"}],"wp:term":[{"taxonomy":"category","embeddable":true,"href":"https:\/\/crc.org.ar\/w\/wp-json\/wp\/v2\/categories?post=21580"},{"taxonomy":"post_tag","embeddable":true,"href":"https:\/\/crc.org.ar\/w\/wp-json\/wp\/v2\/tags?post=21580"}],"curies":[{"name":"wp","href":"https:\/\/api.w.org\/{rel}","templated":true}]}}