{"id":21775,"date":"2019-09-10T16:41:44","date_gmt":"2019-09-10T19:41:44","guid":{"rendered":"https:\/\/crc.org.ar\/w\/?p=21775"},"modified":"2019-09-10T16:41:44","modified_gmt":"2019-09-10T19:41:44","slug":"regatas-quiere-estirar-su-momento-frente-a-arroyito","status":"publish","type":"post","link":"https:\/\/crc.org.ar\/w\/regatas-quiere-estirar-su-momento-frente-a-arroyito\/","title":{"rendered":"Regatas quiere estirar su  momento frente a Arroyito"},"content":{"rendered":"<p>(Martes 10 de septiembre de 2019). Este mi\u00e9rcoles, por la quinta fecha del Torneo Oficial de la ABCC, Regatas Corrientes se estar\u00e1 midiendo con Uni\u00f3n Arroyito, buscando acentuar su seguidilla de tres victorias seguidas.<\/p>\n<p><!--more--><\/p>\n<p><img loading=\"lazy\" decoding=\"async\" class=\"alignleft wp-image-21777 size-medium\" src=\"https:\/\/crc.org.ar\/w\/wp-content\/uploads\/2019\/09\/crc-juventus4-1-300x292.jpeg\" alt=\"\" width=\"300\" height=\"292\" srcset=\"https:\/\/crc.org.ar\/w\/wp-content\/uploads\/2019\/09\/crc-juventus4-1-300x292.jpeg 300w, https:\/\/crc.org.ar\/w\/wp-content\/uploads\/2019\/09\/crc-juventus4-1-768x748.jpeg 768w, https:\/\/crc.org.ar\/w\/wp-content\/uploads\/2019\/09\/crc-juventus4-1-1024x998.jpeg 1024w, https:\/\/crc.org.ar\/w\/wp-content\/uploads\/2019\/09\/crc-juventus4-1.jpeg 1280w\" sizes=\"(max-width: 300px) 100vw, 300px\" \/>Este mi\u00e9rcoles por la noche, en cancha del club Juventus, Regatas y Uni\u00f3n Arroyito se estar\u00e1n enfrentando por la quinta fecha del Torneo Oficial de la Primera Divisi\u00f3n de la Asociaci\u00f3n de B\u00e1squet de la Ciudad de Corrientes (ABCC).<\/p>\n<p>El duelo ser\u00e1 a primera hora de la jornada de b\u00e1squetbol, a las 21.00 horas m\u00e1s precisamente. Luego, a segunda hora, el equipo local se enfrentar\u00e1 con San Mart\u00edn.<\/p>\n<p>Regatas buscar\u00e1 estirar su buen momento, en donde acumula 3 victorias en todas sus presentaciones, lo que lo pone como \u00fanico puntero por el momento. Recordemos que la mayor\u00eda de los equipos a\u00fan deben partidos, solo Alvear disput\u00f3 sus 4 partidos.<\/p>\n<p>En el camino, el \u201cremero\u201d debut\u00f3 en la segunda fecha con El Tala, consiguiendo una victoria por 64 a 55. En la tercera jornada, venci\u00f3 a San Mart\u00edn por 81 a 72. Y ya en el mi\u00e9rcoles pasado, le gan\u00f3 a Juventus 65 a 57.<\/p>\n<p>Por su parte, Arroyito, a\u00fan no consigui\u00f3 ganar en este torneo. En la segunda fecha cay\u00f3 con Alvear por 83 a 62, luego perdi\u00f3 con Col\u00f3n 72 a 49, y la semana pasada fue derrotado por El Tala 64 a 57.<\/p>\n<p>Para esta fecha, est\u00e1 en duda la presencia de Gast\u00f3n Turraca, quien fue expulsado en el cl\u00e1sico frente a San Mart\u00edn, y a\u00fan se desconoce el fallo. Pero por otro lado, recupera a Fabio Gauto, quien no se hab\u00eda hecho presente por estar entrenando con la preselecci\u00f3n nacional de su categor\u00eda.<\/p>\n<p><strong>FIXTURE<\/strong><\/p>\n<p><strong>Cancha de Juventus: <\/strong>21:00 hs. Regatas Corrientes vs. Arroyito \u2013 22:00 hs. Juventus vs. San Mart\u00edn.<\/p>\n<p><strong>Cancha de Alvear: <\/strong>21:00 hs. C\u00f3rdoba vs. El Tala \u2013 22:00 hs. Alvear vs. Col\u00f3n.<\/p>\n<p>&nbsp;<\/p>\n","protected":false},"excerpt":{"rendered":"<p>(Martes 10 de septiembre de 2019). Este mi\u00e9rcoles, por la quinta fecha del Torneo Oficial de la ABCC, Regatas Corrientes se estar\u00e1 midiendo con Uni\u00f3n Arroyito, buscando acentuar su seguidilla de tres victorias seguidas. Este mi\u00e9rcoles por la noche, en cancha del club Juventus, Regatas y Uni\u00f3n Arroyito se estar\u00e1n enfrentando por la quinta fecha &hellip;<\/p>\n","protected":false},"author":1,"featured_media":21776,"comment_status":"closed","ping_status":"closed","sticky":false,"template":"","format":"standard","meta":{"footnotes":""},"categories":[80,156],"tags":[],"_links":{"self":[{"href":"https:\/\/crc.org.ar\/w\/wp-json\/wp\/v2\/posts\/21775"}],"collection":[{"href":"https:\/\/crc.org.ar\/w\/wp-json\/wp\/v2\/posts"}],"about":[{"href":"https:\/\/crc.org.ar\/w\/wp-json\/wp\/v2\/types\/post"}],"author":[{"embeddable":true,"href":"https:\/\/crc.org.ar\/w\/wp-json\/wp\/v2\/users\/1"}],"replies":[{"embeddable":true,"href":"https:\/\/crc.org.ar\/w\/wp-json\/wp\/v2\/comments?post=21775"}],"version-history":[{"count":1,"href":"https:\/\/crc.org.ar\/w\/wp-json\/wp\/v2\/posts\/21775\/revisions"}],"predecessor-version":[{"id":21778,"href":"https:\/\/crc.org.ar\/w\/wp-json\/wp\/v2\/posts\/21775\/revisions\/21778"}],"wp:featuredmedia":[{"embeddable":true,"href":"https:\/\/crc.org.ar\/w\/wp-json\/wp\/v2\/media\/21776"}],"wp:attachment":[{"href":"https:\/\/crc.org.ar\/w\/wp-json\/wp\/v2\/media?parent=21775"}],"wp:term":[{"taxonomy":"category","embeddable":true,"href":"https:\/\/crc.org.ar\/w\/wp-json\/wp\/v2\/categories?post=21775"},{"taxonomy":"post_tag","embeddable":true,"href":"https:\/\/crc.org.ar\/w\/wp-json\/wp\/v2\/tags?post=21775"}],"curies":[{"name":"wp","href":"https:\/\/api.w.org\/{rel}","templated":true}]}}