{"id":21915,"date":"2019-09-13T17:39:58","date_gmt":"2019-09-13T20:39:58","guid":{"rendered":"https:\/\/crc.org.ar\/w\/?p=21915"},"modified":"2019-09-13T17:40:47","modified_gmt":"2019-09-13T20:40:47","slug":"regatas-dice-presente-en-la-primera-fecha-del-campeonato-nacional-paraguayo","status":"publish","type":"post","link":"https:\/\/crc.org.ar\/w\/regatas-dice-presente-en-la-primera-fecha-del-campeonato-nacional-paraguayo\/","title":{"rendered":"Regatas dice presente en la primera fecha  del Campeonato Nacional paraguayo"},"content":{"rendered":"<p>(Viernes 13 de septiembre de 2019). El equipo de remo del Club de Regatas Corrientes competir\u00e1 este domingo en la primera fecha del Campeonato Nacional de remo de Paraguay en la Bah\u00eda de Asunci\u00f3n. La delegaci\u00f3n regatense viajar\u00e1 este s\u00e1bado a primera hora.<\/p>\n<p><!--more--><\/p>\n<p><img loading=\"lazy\" decoding=\"async\" class=\"alignleft size-medium wp-image-21916\" src=\"https:\/\/crc.org.ar\/w\/wp-content\/uploads\/2019\/09\/remo4-300x165.jpg\" alt=\"\" width=\"300\" height=\"165\" srcset=\"https:\/\/crc.org.ar\/w\/wp-content\/uploads\/2019\/09\/remo4-300x165.jpg 300w, https:\/\/crc.org.ar\/w\/wp-content\/uploads\/2019\/09\/remo4.jpg 640w\" sizes=\"(max-width: 300px) 100vw, 300px\" \/>Este domingo se disputar\u00e1 la primera fecha del Campeonato Nacional de remo de Paraguay, organizado por la Federaci\u00f3n Paraguaya de Remo, que cuenta con el apoyo del Comit\u00e9 Ol\u00edmpico Paraguayo y la Secretaria Nacional de Deportes de Paraguay.<\/p>\n<p>La competencia se llevar\u00e1 a cabo en la Bah\u00eda de Asunci\u00f3n del Paraguay, en donde habr\u00e1 un interesante programa de competencia del que participar\u00e1 el equipo de remo del Club de Regatas Corrientes.<\/p>\n<p>La delegaci\u00f3n regatense, que estar\u00e1 viajando este s\u00e1bado a las 5 horas desde el parque Mitre, estar\u00e1 presidida por el coordinador de remo <strong>Harris Gonz\u00e1lez Escobar<\/strong>, y los instructores <strong>Tomas Gonz\u00e1lez <\/strong>y<strong> Nicol\u00e1s Duet.<\/strong><\/p>\n<p><strong>REMEROS Y<br \/>\n<\/strong><strong>TRIPULACIONES<\/strong><\/p>\n<p>Los remeros de Regatas y las tripulaciones que competir\u00e1n ser\u00e1n: 2x Senior y J\u00fanior <strong>Agustina Manzotti <\/strong>y<strong> Luz Fedullo<\/strong>. 2- y 2x J\u00fanior\u00a0 <strong>Atilio R\u00faveda <\/strong>y<strong> Gabriel Centuri\u00f3n<\/strong>. 1x Senior <strong>Natalia Ch\u00e1vez<\/strong>. 1x Novicio <strong>Irina Zibelman<\/strong>.<\/p>\n<p>1x Novicio <strong>Maximiliano Marinoff <\/strong>y<strong> Octavio Kriskovich<\/strong>. 2x Menor B <strong>Santiago G\u00f3mez de La Fuente <\/strong>y<strong> Maximiliano Reischer.<\/strong> 1x Infantil <strong>Benjam\u00edn Maza<\/strong>. Parcito 13.14 (F-M) <strong>Cruz Rodr\u00edguez <\/strong>y<strong> Brisa Manzotti<\/strong>. Parcito 11.12 (F) <strong>Sabrina Zibelman<\/strong>.<\/p>\n","protected":false},"excerpt":{"rendered":"<p>(Viernes 13 de septiembre de 2019). El equipo de remo del Club de Regatas Corrientes competir\u00e1 este domingo en la primera fecha del Campeonato Nacional de remo de Paraguay en la Bah\u00eda de Asunci\u00f3n. La delegaci\u00f3n regatense viajar\u00e1 este s\u00e1bado a primera hora. Este domingo se disputar\u00e1 la primera fecha del Campeonato Nacional de remo &hellip;<\/p>\n","protected":false},"author":1,"featured_media":21916,"comment_status":"closed","ping_status":"closed","sticky":false,"template":"","format":"standard","meta":{"footnotes":""},"categories":[156,18],"tags":[],"_links":{"self":[{"href":"https:\/\/crc.org.ar\/w\/wp-json\/wp\/v2\/posts\/21915"}],"collection":[{"href":"https:\/\/crc.org.ar\/w\/wp-json\/wp\/v2\/posts"}],"about":[{"href":"https:\/\/crc.org.ar\/w\/wp-json\/wp\/v2\/types\/post"}],"author":[{"embeddable":true,"href":"https:\/\/crc.org.ar\/w\/wp-json\/wp\/v2\/users\/1"}],"replies":[{"embeddable":true,"href":"https:\/\/crc.org.ar\/w\/wp-json\/wp\/v2\/comments?post=21915"}],"version-history":[{"count":1,"href":"https:\/\/crc.org.ar\/w\/wp-json\/wp\/v2\/posts\/21915\/revisions"}],"predecessor-version":[{"id":21917,"href":"https:\/\/crc.org.ar\/w\/wp-json\/wp\/v2\/posts\/21915\/revisions\/21917"}],"wp:featuredmedia":[{"embeddable":true,"href":"https:\/\/crc.org.ar\/w\/wp-json\/wp\/v2\/media\/21916"}],"wp:attachment":[{"href":"https:\/\/crc.org.ar\/w\/wp-json\/wp\/v2\/media?parent=21915"}],"wp:term":[{"taxonomy":"category","embeddable":true,"href":"https:\/\/crc.org.ar\/w\/wp-json\/wp\/v2\/categories?post=21915"},{"taxonomy":"post_tag","embeddable":true,"href":"https:\/\/crc.org.ar\/w\/wp-json\/wp\/v2\/tags?post=21915"}],"curies":[{"name":"wp","href":"https:\/\/api.w.org\/{rel}","templated":true}]}}