{"id":21938,"date":"2019-09-14T20:25:28","date_gmt":"2019-09-14T23:25:28","guid":{"rendered":"https:\/\/crc.org.ar\/w\/?p=21938"},"modified":"2019-09-14T20:25:28","modified_gmt":"2019-09-14T23:25:28","slug":"regatas-llego-a-asuncion-y-entreno-para-el-campeonato-nacional-paraguayo","status":"publish","type":"post","link":"https:\/\/crc.org.ar\/w\/regatas-llego-a-asuncion-y-entreno-para-el-campeonato-nacional-paraguayo\/","title":{"rendered":"Regatas lleg\u00f3 a Asunci\u00f3n y entren\u00f3 para  el Campeonato Nacional paraguayo"},"content":{"rendered":"<p>(S\u00e1bado 14 de septiembre de 2019). El equipo de remo del Club de Regatas Corrientes lleg\u00f3 este s\u00e1bado a Asunci\u00f3n, entren\u00f3 por la tarde y este domingo competir\u00e1 en la primera fecha del Campeonato Nacional de remo de Paraguay.<\/p>\n<p><!--more--><\/p>\n<p>El equipo de remo del Club de Regatas Corrientes, con <strong>Harris Gonz\u00e1lez Escobar <\/strong>como heat coah , y los instructores <strong>Tomas Gonz\u00e1lez <\/strong>y<strong> Nicol\u00e1s Duet, <\/strong>llegaron este s\u00e1bado a Asunci\u00f3n, y por la tarde ya entrenaron en la Bah\u00eda de la capital paraguaya.<\/p>\n<div id='gallery-1' class='gallery galleryid-21938 gallery-columns-4 gallery-size-thumbnail'><figure class='gallery-item'>\n\t\t\t<div class='gallery-icon landscape'>\n\t\t\t\t<a href='https:\/\/crc.org.ar\/w\/wp-content\/uploads\/2019\/09\/remo1.jpeg'><img loading=\"lazy\" decoding=\"async\" width=\"150\" height=\"150\" src=\"https:\/\/crc.org.ar\/w\/wp-content\/uploads\/2019\/09\/remo1-150x150.jpeg\" class=\"attachment-thumbnail size-thumbnail\" alt=\"\" \/><\/a>\n\t\t\t<\/div><\/figure><figure class='gallery-item'>\n\t\t\t<div class='gallery-icon landscape'>\n\t\t\t\t<a href='https:\/\/crc.org.ar\/w\/wp-content\/uploads\/2019\/09\/remo2.jpeg'><img loading=\"lazy\" decoding=\"async\" width=\"150\" height=\"150\" src=\"https:\/\/crc.org.ar\/w\/wp-content\/uploads\/2019\/09\/remo2-150x150.jpeg\" class=\"attachment-thumbnail size-thumbnail\" alt=\"\" \/><\/a>\n\t\t\t<\/div><\/figure><figure class='gallery-item'>\n\t\t\t<div class='gallery-icon landscape'>\n\t\t\t\t<a href='https:\/\/crc.org.ar\/w\/wp-content\/uploads\/2019\/09\/remo3.jpeg'><img loading=\"lazy\" decoding=\"async\" width=\"150\" height=\"150\" src=\"https:\/\/crc.org.ar\/w\/wp-content\/uploads\/2019\/09\/remo3-150x150.jpeg\" class=\"attachment-thumbnail size-thumbnail\" alt=\"\" \/><\/a>\n\t\t\t<\/div><\/figure><figure class='gallery-item'>\n\t\t\t<div class='gallery-icon landscape'>\n\t\t\t\t<a href='https:\/\/crc.org.ar\/w\/wp-content\/uploads\/2019\/09\/remo4.jpeg'><img loading=\"lazy\" decoding=\"async\" width=\"150\" height=\"150\" src=\"https:\/\/crc.org.ar\/w\/wp-content\/uploads\/2019\/09\/remo4-150x150.jpeg\" class=\"attachment-thumbnail size-thumbnail\" alt=\"\" \/><\/a>\n\t\t\t<\/div><\/figure><figure class='gallery-item'>\n\t\t\t<div class='gallery-icon landscape'>\n\t\t\t\t<a href='https:\/\/crc.org.ar\/w\/wp-content\/uploads\/2019\/09\/remo5.jpeg'><img loading=\"lazy\" decoding=\"async\" width=\"150\" height=\"150\" src=\"https:\/\/crc.org.ar\/w\/wp-content\/uploads\/2019\/09\/remo5-150x150.jpeg\" class=\"attachment-thumbnail size-thumbnail\" alt=\"\" \/><\/a>\n\t\t\t<\/div><\/figure><figure class='gallery-item'>\n\t\t\t<div class='gallery-icon landscape'>\n\t\t\t\t<a href='https:\/\/crc.org.ar\/w\/wp-content\/uploads\/2019\/09\/remo6.jpeg'><img loading=\"lazy\" decoding=\"async\" width=\"150\" height=\"150\" src=\"https:\/\/crc.org.ar\/w\/wp-content\/uploads\/2019\/09\/remo6-150x150.jpeg\" class=\"attachment-thumbnail size-thumbnail\" alt=\"\" \/><\/a>\n\t\t\t<\/div><\/figure><figure class='gallery-item'>\n\t\t\t<div class='gallery-icon landscape'>\n\t\t\t\t<a href='https:\/\/crc.org.ar\/w\/wp-content\/uploads\/2019\/09\/remo7.jpeg'><img loading=\"lazy\" decoding=\"async\" width=\"150\" height=\"150\" src=\"https:\/\/crc.org.ar\/w\/wp-content\/uploads\/2019\/09\/remo7-150x150.jpeg\" class=\"attachment-thumbnail size-thumbnail\" alt=\"\" \/><\/a>\n\t\t\t<\/div><\/figure><figure class='gallery-item'>\n\t\t\t<div class='gallery-icon landscape'>\n\t\t\t\t<a href='https:\/\/crc.org.ar\/w\/wp-content\/uploads\/2019\/09\/remo8.jpeg'><img loading=\"lazy\" decoding=\"async\" width=\"150\" height=\"150\" src=\"https:\/\/crc.org.ar\/w\/wp-content\/uploads\/2019\/09\/remo8-150x150.jpeg\" class=\"attachment-thumbnail size-thumbnail\" alt=\"\" \/><\/a>\n\t\t\t<\/div><\/figure>\n\t\t<\/div>\n\n<p>Los regatenses llegaron a Asunci\u00f3n, y sin descanso prepararon las embarcaciones y de inmediato entrenaron para conocer la cancha y fundamentalmente para hacer los ajustes necesarios a las embarcaciones y realizar el regenerativo f\u00edsico tras el viaje.<\/p>\n<p>As\u00ed el equipo regatense comenz\u00f3 a prepararse para disputar la primera fecha del Campeonato Nacional de remo de Paraguay, organizado por la Federaci\u00f3n Paraguaya de Remo, que se llevar\u00e1 a cabo este domingo.<\/p>\n<p>La competencia se llevar\u00e1 a cabo en la Bah\u00eda de Asunci\u00f3n del Paraguay, en donde habr\u00e1 un interesante programa de competencia del que participar\u00e1 el equipo de remo del Club de Regatas Corrientes.<\/p>\n<p><strong>REMEROS Y<br \/>\n<\/strong><strong>TRIPULACIONES<br \/>\n<\/strong>Los remeros de Regatas y las tripulaciones que competir\u00e1n ser\u00e1n: 2x Senior y J\u00fanior <strong>Agustina Manzotti <\/strong>y<strong> Luz Fedullo<\/strong>. 2- y 2x J\u00fanior\u00a0 <strong>Atilio R\u00faveda <\/strong>y<strong> Gabriel Centuri\u00f3n<\/strong>. 1x Senior <strong>Natalia Ch\u00e1vez<\/strong>. 1x Novicio <strong>Irina Zibelman<\/strong>.<\/p>\n<p>1x Novicio <strong>Maximiliano Marinoff <\/strong>y<strong> Octavio Kriskovich<\/strong>. 2x Menor B <strong>Santiago G\u00f3mez de La Fuente <\/strong>y<strong> Maximiliano Reischer.<\/strong> 1x Infantil <strong>Benjam\u00edn Maza<\/strong>. Parcito 13.14 (F-M) <strong>Cruz Rodr\u00edguez <\/strong>y<strong> Brisa Manzotti<\/strong>. Parcito 11.12 (F) <strong>Sabrina Zibelman<\/strong>.<\/p>\n<p>&nbsp;<\/p>\n<p><strong>\u00a0<\/strong><\/p>\n","protected":false},"excerpt":{"rendered":"<p>(S\u00e1bado 14 de septiembre de 2019). El equipo de remo del Club de Regatas Corrientes lleg\u00f3 este s\u00e1bado a Asunci\u00f3n, entren\u00f3 por la tarde y este domingo competir\u00e1 en la primera fecha del Campeonato Nacional de remo de Paraguay. El equipo de remo del Club de Regatas Corrientes, con Harris Gonz\u00e1lez Escobar como heat coah &hellip;<\/p>\n","protected":false},"author":1,"featured_media":21943,"comment_status":"closed","ping_status":"closed","sticky":false,"template":"","format":"standard","meta":{"footnotes":""},"categories":[156,18],"tags":[],"_links":{"self":[{"href":"https:\/\/crc.org.ar\/w\/wp-json\/wp\/v2\/posts\/21938"}],"collection":[{"href":"https:\/\/crc.org.ar\/w\/wp-json\/wp\/v2\/posts"}],"about":[{"href":"https:\/\/crc.org.ar\/w\/wp-json\/wp\/v2\/types\/post"}],"author":[{"embeddable":true,"href":"https:\/\/crc.org.ar\/w\/wp-json\/wp\/v2\/users\/1"}],"replies":[{"embeddable":true,"href":"https:\/\/crc.org.ar\/w\/wp-json\/wp\/v2\/comments?post=21938"}],"version-history":[{"count":1,"href":"https:\/\/crc.org.ar\/w\/wp-json\/wp\/v2\/posts\/21938\/revisions"}],"predecessor-version":[{"id":21947,"href":"https:\/\/crc.org.ar\/w\/wp-json\/wp\/v2\/posts\/21938\/revisions\/21947"}],"wp:featuredmedia":[{"embeddable":true,"href":"https:\/\/crc.org.ar\/w\/wp-json\/wp\/v2\/media\/21943"}],"wp:attachment":[{"href":"https:\/\/crc.org.ar\/w\/wp-json\/wp\/v2\/media?parent=21938"}],"wp:term":[{"taxonomy":"category","embeddable":true,"href":"https:\/\/crc.org.ar\/w\/wp-json\/wp\/v2\/categories?post=21938"},{"taxonomy":"post_tag","embeddable":true,"href":"https:\/\/crc.org.ar\/w\/wp-json\/wp\/v2\/tags?post=21938"}],"curies":[{"name":"wp","href":"https:\/\/api.w.org\/{rel}","templated":true}]}}