{"id":21982,"date":"2019-09-16T16:22:42","date_gmt":"2019-09-16T19:22:42","guid":{"rendered":"https:\/\/crc.org.ar\/w\/?p=21982"},"modified":"2019-09-16T16:22:42","modified_gmt":"2019-09-16T19:22:42","slug":"excelentes-resultados-de-regatas-en-el-campeonato-nacional-paraguayo","status":"publish","type":"post","link":"https:\/\/crc.org.ar\/w\/excelentes-resultados-de-regatas-en-el-campeonato-nacional-paraguayo\/","title":{"rendered":"Excelentes resultados de Regatas en  el Campeonato Nacional paraguayo"},"content":{"rendered":"<p>(Lunes 16 de septiembre de 2019). El equipo de remo del Club de Regatas Corrientes tuvo una excelente actuaci\u00f3n en la primera fecha del Campeonato Nacional de remo de Paraguay en la Bah\u00eda de Asunci\u00f3n. La delegaci\u00f3n regatense cosech\u00f3 trece medallas en igual cantidad de pruebas.<\/p>\n<p><!--more--><\/p>\n<p>El pasado domingo se disput\u00f3 la primera fecha del Campeonato Nacional de remo de Paraguay, en la Bah\u00eda de Asunci\u00f3n del Paraguay, con la presencia del equipo del Club de Regatas Corrientes.<\/p>\n<div id='gallery-1' class='gallery galleryid-21982 gallery-columns-5 gallery-size-thumbnail'><figure class='gallery-item'>\n\t\t\t<div class='gallery-icon portrait'>\n\t\t\t\t<a href='https:\/\/crc.org.ar\/w\/wp-content\/uploads\/2019\/09\/regatas-en-asuncion.jpeg'><img loading=\"lazy\" decoding=\"async\" width=\"150\" height=\"150\" src=\"https:\/\/crc.org.ar\/w\/wp-content\/uploads\/2019\/09\/regatas-en-asuncion-150x150.jpeg\" class=\"attachment-thumbnail size-thumbnail\" alt=\"\" \/><\/a>\n\t\t\t<\/div><\/figure><figure class='gallery-item'>\n\t\t\t<div class='gallery-icon landscape'>\n\t\t\t\t<a href='https:\/\/crc.org.ar\/w\/wp-content\/uploads\/2019\/09\/regatas-en-asuncion1.jpeg'><img loading=\"lazy\" decoding=\"async\" width=\"150\" height=\"150\" src=\"https:\/\/crc.org.ar\/w\/wp-content\/uploads\/2019\/09\/regatas-en-asuncion1-150x150.jpeg\" class=\"attachment-thumbnail size-thumbnail\" alt=\"\" \/><\/a>\n\t\t\t<\/div><\/figure><figure class='gallery-item'>\n\t\t\t<div class='gallery-icon portrait'>\n\t\t\t\t<a href='https:\/\/crc.org.ar\/w\/wp-content\/uploads\/2019\/09\/regatas-en-asuncion2.jpeg'><img loading=\"lazy\" decoding=\"async\" width=\"150\" height=\"150\" src=\"https:\/\/crc.org.ar\/w\/wp-content\/uploads\/2019\/09\/regatas-en-asuncion2-150x150.jpeg\" class=\"attachment-thumbnail size-thumbnail\" alt=\"\" \/><\/a>\n\t\t\t<\/div><\/figure><figure class='gallery-item'>\n\t\t\t<div class='gallery-icon portrait'>\n\t\t\t\t<a href='https:\/\/crc.org.ar\/w\/wp-content\/uploads\/2019\/09\/regatas-en-asuncion3.jpeg'><img loading=\"lazy\" decoding=\"async\" width=\"150\" height=\"150\" src=\"https:\/\/crc.org.ar\/w\/wp-content\/uploads\/2019\/09\/regatas-en-asuncion3-150x150.jpeg\" class=\"attachment-thumbnail size-thumbnail\" alt=\"\" \/><\/a>\n\t\t\t<\/div><\/figure><figure class='gallery-item'>\n\t\t\t<div class='gallery-icon landscape'>\n\t\t\t\t<a href='https:\/\/crc.org.ar\/w\/wp-content\/uploads\/2019\/09\/regatas-en-asuncion4.jpeg'><img loading=\"lazy\" decoding=\"async\" width=\"150\" height=\"150\" src=\"https:\/\/crc.org.ar\/w\/wp-content\/uploads\/2019\/09\/regatas-en-asuncion4-150x150.jpeg\" class=\"attachment-thumbnail size-thumbnail\" alt=\"\" \/><\/a>\n\t\t\t<\/div><\/figure><figure class='gallery-item'>\n\t\t\t<div class='gallery-icon landscape'>\n\t\t\t\t<a href='https:\/\/crc.org.ar\/w\/wp-content\/uploads\/2019\/09\/regatas-en-asuncion5.jpeg'><img loading=\"lazy\" decoding=\"async\" width=\"150\" height=\"150\" src=\"https:\/\/crc.org.ar\/w\/wp-content\/uploads\/2019\/09\/regatas-en-asuncion5-150x150.jpeg\" class=\"attachment-thumbnail size-thumbnail\" alt=\"\" \/><\/a>\n\t\t\t<\/div><\/figure><figure class='gallery-item'>\n\t\t\t<div class='gallery-icon landscape'>\n\t\t\t\t<a href='https:\/\/crc.org.ar\/w\/wp-content\/uploads\/2019\/09\/regatas-en-asuncion6.jpeg'><img loading=\"lazy\" decoding=\"async\" width=\"150\" height=\"150\" src=\"https:\/\/crc.org.ar\/w\/wp-content\/uploads\/2019\/09\/regatas-en-asuncion6-150x150.jpeg\" class=\"attachment-thumbnail size-thumbnail\" alt=\"\" \/><\/a>\n\t\t\t<\/div><\/figure><figure class='gallery-item'>\n\t\t\t<div class='gallery-icon portrait'>\n\t\t\t\t<a href='https:\/\/crc.org.ar\/w\/wp-content\/uploads\/2019\/09\/regatas-en-asuncion7.jpeg'><img loading=\"lazy\" decoding=\"async\" width=\"150\" height=\"150\" src=\"https:\/\/crc.org.ar\/w\/wp-content\/uploads\/2019\/09\/regatas-en-asuncion7-150x150.jpeg\" class=\"attachment-thumbnail size-thumbnail\" alt=\"\" \/><\/a>\n\t\t\t<\/div><\/figure><figure class='gallery-item'>\n\t\t\t<div class='gallery-icon portrait'>\n\t\t\t\t<a href='https:\/\/crc.org.ar\/w\/wp-content\/uploads\/2019\/09\/regatas-en-asuncion8.jpeg'><img loading=\"lazy\" decoding=\"async\" width=\"150\" height=\"150\" src=\"https:\/\/crc.org.ar\/w\/wp-content\/uploads\/2019\/09\/regatas-en-asuncion8-150x150.jpeg\" class=\"attachment-thumbnail size-thumbnail\" alt=\"\" \/><\/a>\n\t\t\t<\/div><\/figure><figure class='gallery-item'>\n\t\t\t<div class='gallery-icon landscape'>\n\t\t\t\t<a href='https:\/\/crc.org.ar\/w\/wp-content\/uploads\/2019\/09\/regatas-en-asuncion9.jpeg'><img loading=\"lazy\" decoding=\"async\" width=\"150\" height=\"150\" src=\"https:\/\/crc.org.ar\/w\/wp-content\/uploads\/2019\/09\/regatas-en-asuncion9-150x150.jpeg\" class=\"attachment-thumbnail size-thumbnail\" alt=\"\" \/><\/a>\n\t\t\t<\/div><\/figure><figure class='gallery-item'>\n\t\t\t<div class='gallery-icon landscape'>\n\t\t\t\t<a href='https:\/\/crc.org.ar\/w\/wp-content\/uploads\/2019\/09\/regatas-en-asuncion-sabrina.jpeg'><img loading=\"lazy\" decoding=\"async\" width=\"150\" height=\"150\" src=\"https:\/\/crc.org.ar\/w\/wp-content\/uploads\/2019\/09\/regatas-en-asuncion-sabrina-150x150.jpeg\" class=\"attachment-thumbnail size-thumbnail\" alt=\"\" \/><\/a>\n\t\t\t<\/div><\/figure><figure class='gallery-item'>\n\t\t\t<div class='gallery-icon landscape'>\n\t\t\t\t<a href='https:\/\/crc.org.ar\/w\/wp-content\/uploads\/2019\/09\/regatas-1.jpeg'><img loading=\"lazy\" decoding=\"async\" width=\"150\" height=\"150\" src=\"https:\/\/crc.org.ar\/w\/wp-content\/uploads\/2019\/09\/regatas-1-150x150.jpeg\" class=\"attachment-thumbnail size-thumbnail\" alt=\"\" \/><\/a>\n\t\t\t<\/div><\/figure><figure class='gallery-item'>\n\t\t\t<div class='gallery-icon landscape'>\n\t\t\t\t<a href='https:\/\/crc.org.ar\/w\/wp-content\/uploads\/2019\/09\/regatas1.jpeg'><img loading=\"lazy\" decoding=\"async\" width=\"150\" height=\"150\" src=\"https:\/\/crc.org.ar\/w\/wp-content\/uploads\/2019\/09\/regatas1-150x150.jpeg\" class=\"attachment-thumbnail size-thumbnail\" alt=\"\" \/><\/a>\n\t\t\t<\/div><\/figure><figure class='gallery-item'>\n\t\t\t<div class='gallery-icon landscape'>\n\t\t\t\t<a href='https:\/\/crc.org.ar\/w\/wp-content\/uploads\/2019\/09\/regatas2.jpeg'><img loading=\"lazy\" decoding=\"async\" width=\"150\" height=\"150\" src=\"https:\/\/crc.org.ar\/w\/wp-content\/uploads\/2019\/09\/regatas2-150x150.jpeg\" class=\"attachment-thumbnail size-thumbnail\" alt=\"\" \/><\/a>\n\t\t\t<\/div><\/figure><figure class='gallery-item'>\n\t\t\t<div class='gallery-icon portrait'>\n\t\t\t\t<a href='https:\/\/crc.org.ar\/w\/wp-content\/uploads\/2019\/09\/regatas3.jpeg'><img loading=\"lazy\" decoding=\"async\" width=\"150\" height=\"150\" src=\"https:\/\/crc.org.ar\/w\/wp-content\/uploads\/2019\/09\/regatas3-150x150.jpeg\" class=\"attachment-thumbnail size-thumbnail\" alt=\"\" \/><\/a>\n\t\t\t<\/div><\/figure>\n\t\t<\/div>\n\n<p>La delegaci\u00f3n regatense, que estuvo presidida por el coordinador y entrenador de remo <strong>Harris Gonz\u00e1lez Escobar<\/strong>, y los instructores <strong>Tomas Gonz\u00e1lez <\/strong>y<strong> Nicol\u00e1s Duet, <\/strong>tuvo una excelente actuaci\u00f3n al cosechar trece (13) medallas, en otras tantas pruebas.<\/p>\n<p>Fueron siete (7) preseas doradas, cinco (5) de plata, y una (1) de bronce para redondear una producci\u00f3n con alto grado de eficiencia, pero fundamentalmente mostrado grandes progresos en los tiempos y en la t\u00e9cnica de los remeros.<\/p>\n<p>As\u00ed con un grupo de nuevos y entusiastas remeros, desde que <strong>Harris Gonz\u00e1lez Escobar<\/strong> tom\u00f3 el \u201cmando del barco\u201d, a principios de a\u00f1o, se comienzan a ver los resultados en torneos oficiales, pero fundamentalmente a armarse el equipo de cara al futuro.<\/p>\n<p><strong>TODOS LOS<br \/>\n<\/strong><strong>RESULTADOS<br \/>\n<\/strong>Los resultados \u201cremeros\u201d en Asunci\u00f3n fueron los siguientes:<br \/>\n2x Senior: 3\u00b0 puesto <strong>Agostina Manzotti <\/strong>y<strong> Luz Fedullo<br \/>\n<\/strong>2x Junior: 2\u00b0 puesto <strong>Agostina Manzotti <\/strong>y<strong> Luz Fedullo<\/strong>.<br \/>\n2- Junior: 1\u00b0 puesto <strong>Atilio R\u00faveda <\/strong>y<strong> Gabriel Centuri\u00f3n.<br \/>\n<\/strong>2x Junior: 2\u00b0 puesto <strong>Atilio R\u00faveda <\/strong>y<strong> Gabriel Centuri\u00f3n<\/strong>.<br \/>\n1x Senior: 2\u00b0 puesto <strong>Natalia Ch\u00e1vez<\/strong>.<br \/>\n1x Novicio: 2\u00b0 puesto <strong>Irina Zibelman<\/strong>.<br \/>\n1x Novicio: 1\u00b0 puesto <strong>Maximiliano Marinoff, <\/strong>y 2\u00b0 puesto<strong> Octavio Kriskovich<\/strong>.<br \/>\n2x Menor B: 1\u00b0 puesto <strong>Santiago G\u00f3mez de La Fuente <\/strong>y<strong> Maximiliano Reischer.<br \/>\n<\/strong>1x Infantil: 1\u00b0 puesto <strong>Benjam\u00edn Maza<\/strong>.<br \/>\nParcito 13.14 (M): 1\u00b0 puesto <strong>Cruz Rodr\u00edguez.<br \/>\n<\/strong>Parcito 13.14 (F): 1\u00b0 puesto<strong> Brisa Manzotti<\/strong>.<br \/>\nParcito 11.12 (F): 1\u00b0 puesto <strong>Sabrina Zibelman<\/strong>.<\/p>\n","protected":false},"excerpt":{"rendered":"<p>(Lunes 16 de septiembre de 2019). El equipo de remo del Club de Regatas Corrientes tuvo una excelente actuaci\u00f3n en la primera fecha del Campeonato Nacional de remo de Paraguay en la Bah\u00eda de Asunci\u00f3n. La delegaci\u00f3n regatense cosech\u00f3 trece medallas en igual cantidad de pruebas. El pasado domingo se disput\u00f3 la primera fecha del &hellip;<\/p>\n","protected":false},"author":1,"featured_media":21995,"comment_status":"closed","ping_status":"closed","sticky":false,"template":"","format":"standard","meta":{"footnotes":""},"categories":[156,18],"tags":[],"_links":{"self":[{"href":"https:\/\/crc.org.ar\/w\/wp-json\/wp\/v2\/posts\/21982"}],"collection":[{"href":"https:\/\/crc.org.ar\/w\/wp-json\/wp\/v2\/posts"}],"about":[{"href":"https:\/\/crc.org.ar\/w\/wp-json\/wp\/v2\/types\/post"}],"author":[{"embeddable":true,"href":"https:\/\/crc.org.ar\/w\/wp-json\/wp\/v2\/users\/1"}],"replies":[{"embeddable":true,"href":"https:\/\/crc.org.ar\/w\/wp-json\/wp\/v2\/comments?post=21982"}],"version-history":[{"count":1,"href":"https:\/\/crc.org.ar\/w\/wp-json\/wp\/v2\/posts\/21982\/revisions"}],"predecessor-version":[{"id":21998,"href":"https:\/\/crc.org.ar\/w\/wp-json\/wp\/v2\/posts\/21982\/revisions\/21998"}],"wp:featuredmedia":[{"embeddable":true,"href":"https:\/\/crc.org.ar\/w\/wp-json\/wp\/v2\/media\/21995"}],"wp:attachment":[{"href":"https:\/\/crc.org.ar\/w\/wp-json\/wp\/v2\/media?parent=21982"}],"wp:term":[{"taxonomy":"category","embeddable":true,"href":"https:\/\/crc.org.ar\/w\/wp-json\/wp\/v2\/categories?post=21982"},{"taxonomy":"post_tag","embeddable":true,"href":"https:\/\/crc.org.ar\/w\/wp-json\/wp\/v2\/tags?post=21982"}],"curies":[{"name":"wp","href":"https:\/\/api.w.org\/{rel}","templated":true}]}}