{"id":22014,"date":"2019-09-17T17:16:00","date_gmt":"2019-09-17T20:16:00","guid":{"rendered":"https:\/\/crc.org.ar\/w\/?p=22014"},"modified":"2019-09-17T17:16:00","modified_gmt":"2019-09-17T20:16:00","slug":"regatas-y-una-dificil-prueba-con-cordoba","status":"publish","type":"post","link":"https:\/\/crc.org.ar\/w\/regatas-y-una-dificil-prueba-con-cordoba\/","title":{"rendered":"Regatas y una dif\u00edcil prueba con C\u00f3rdoba"},"content":{"rendered":"<p>(Martes 17 de septiembre de 2019). Este mi\u00e9rcoles, Regatas Corrientes se estar\u00e1 midiendo, como local, frente al club C\u00f3rdoba, buscando hilvanar su quinta victoria en fila. El juego corresponde a la quinta fecha del Torneo Oficial.<\/p>\n<p><!--more--><\/p>\n<p><img loading=\"lazy\" decoding=\"async\" class=\"alignleft size-medium wp-image-22016\" src=\"https:\/\/crc.org.ar\/w\/wp-content\/uploads\/2019\/09\/crc-2-300x167.jpeg\" alt=\"\" width=\"300\" height=\"167\" srcset=\"https:\/\/crc.org.ar\/w\/wp-content\/uploads\/2019\/09\/crc-2-300x167.jpeg 300w, https:\/\/crc.org.ar\/w\/wp-content\/uploads\/2019\/09\/crc-2-768x428.jpeg 768w, https:\/\/crc.org.ar\/w\/wp-content\/uploads\/2019\/09\/crc-2-1024x570.jpeg 1024w, https:\/\/crc.org.ar\/w\/wp-content\/uploads\/2019\/09\/crc-2.jpeg 1273w\" sizes=\"(max-width: 300px) 100vw, 300px\" \/>El mi\u00e9rcoles, en el \u201cJos\u00e9 Jorge Contte\u201d, Regatas Corrientes tendr\u00e1 una dif\u00edcil prueba frente al club C\u00f3rdoba, en el duelo correspondiente a la quinta fecha del Torneo Oficial de Primera Divisi\u00f3n de la Asociaci\u00f3n de B\u00e1squet de la Ciudad de Corrientes (ABCC).<\/p>\n<p>El juego ser\u00e1 a segunda hora, previsto para las 22:15, luego de que finalice el encuentro entre Juventus y Uni\u00f3n Arroyito.<\/p>\n<p>Frente a C\u00f3rdoba, Regatas tendr\u00e1 la oportunidad de estirar a 5 partidos su invicto en el Torneo Oficial, y de continuar como \u00fanico puntero en el torneo.<\/p>\n<p>Recordemos que el equipo de <strong>Juan Pablo Mascar\u00f3, <\/strong>en la segunda fecha le gan\u00f3 a El Tala, en la tercera a San Mart\u00edn, luego a Juventus, y en la fecha pasada venci\u00f3 a Uni\u00f3n Arroyito.<\/p>\n<p>Por su parte, el equipo de <strong>Germ\u00e1n Rold\u00e1n<\/strong> viene de caer 71 a 56 frente a El Tala en la fecha anterior. Anteriormente hab\u00eda quedado libre en las dos primeras fechas, en la tercera le gan\u00f3 a Alvear, y en la cuarta a perdi\u00f3 con Col\u00f3n.<\/p>\n<p>En el equipo \u201cremero\u201d, <strong>Gast\u00f3n Turraca<\/strong> podr\u00e1 volver al equipo tras dos fechas de suspensi\u00f3n, por la expulsi\u00f3n que sufri\u00f3 en el cl\u00e1sico con San Mart\u00edn.<\/p>\n<p>Adem\u00e1s de los dos duelos en el \u201cestadio de los sue\u00f1os\u201d, la fecha se completa en el Fort\u00edn Rojinegro, con El Tala frente a Alvear, y con Col\u00f3n contra San Mart\u00edn.<\/p>\n<p><strong>FIXTURE<\/strong><\/p>\n<p><strong>Cancha de Regatas:<\/strong> 21:00 hs. Juventus vs. Uni\u00f3n Arroyito \u2013 22:15 hs. Regatas Corrientes vs. C\u00f3rdoba.<\/p>\n<p><strong>Cancha de San Mart\u00edn:<\/strong> 21:00 hs. El Tala vs Alvear \u2013 22:15 hs. San Mart\u00edn vs Col\u00f3n.<\/p>\n","protected":false},"excerpt":{"rendered":"<p>(Martes 17 de septiembre de 2019). Este mi\u00e9rcoles, Regatas Corrientes se estar\u00e1 midiendo, como local, frente al club C\u00f3rdoba, buscando hilvanar su quinta victoria en fila. El juego corresponde a la quinta fecha del Torneo Oficial. El mi\u00e9rcoles, en el \u201cJos\u00e9 Jorge Contte\u201d, Regatas Corrientes tendr\u00e1 una dif\u00edcil prueba frente al club C\u00f3rdoba, en el &hellip;<\/p>\n","protected":false},"author":1,"featured_media":22015,"comment_status":"closed","ping_status":"closed","sticky":false,"template":"","format":"standard","meta":{"footnotes":""},"categories":[80,156],"tags":[],"_links":{"self":[{"href":"https:\/\/crc.org.ar\/w\/wp-json\/wp\/v2\/posts\/22014"}],"collection":[{"href":"https:\/\/crc.org.ar\/w\/wp-json\/wp\/v2\/posts"}],"about":[{"href":"https:\/\/crc.org.ar\/w\/wp-json\/wp\/v2\/types\/post"}],"author":[{"embeddable":true,"href":"https:\/\/crc.org.ar\/w\/wp-json\/wp\/v2\/users\/1"}],"replies":[{"embeddable":true,"href":"https:\/\/crc.org.ar\/w\/wp-json\/wp\/v2\/comments?post=22014"}],"version-history":[{"count":1,"href":"https:\/\/crc.org.ar\/w\/wp-json\/wp\/v2\/posts\/22014\/revisions"}],"predecessor-version":[{"id":22017,"href":"https:\/\/crc.org.ar\/w\/wp-json\/wp\/v2\/posts\/22014\/revisions\/22017"}],"wp:featuredmedia":[{"embeddable":true,"href":"https:\/\/crc.org.ar\/w\/wp-json\/wp\/v2\/media\/22015"}],"wp:attachment":[{"href":"https:\/\/crc.org.ar\/w\/wp-json\/wp\/v2\/media?parent=22014"}],"wp:term":[{"taxonomy":"category","embeddable":true,"href":"https:\/\/crc.org.ar\/w\/wp-json\/wp\/v2\/categories?post=22014"},{"taxonomy":"post_tag","embeddable":true,"href":"https:\/\/crc.org.ar\/w\/wp-json\/wp\/v2\/tags?post=22014"}],"curies":[{"name":"wp","href":"https:\/\/api.w.org\/{rel}","templated":true}]}}