{"id":22022,"date":"2019-09-18T16:59:05","date_gmt":"2019-09-18T19:59:05","guid":{"rendered":"https:\/\/crc.org.ar\/w\/?p=22022"},"modified":"2019-09-18T16:59:05","modified_gmt":"2019-09-18T19:59:05","slug":"gran-actuacion-de-regatas-en-la-copa-upcn-en-formosa","status":"publish","type":"post","link":"https:\/\/crc.org.ar\/w\/gran-actuacion-de-regatas-en-la-copa-upcn-en-formosa\/","title":{"rendered":"Gran actuaci\u00f3n de Regatas en  la Copa UPCN en  Formosa"},"content":{"rendered":"<p>(Mi\u00e9rcoles 18 de septiembre de 2019). Una gran actuaci\u00f3n tuvo el equipo de judo del Club de Regatas Corrientes en la tradicional \u201cCopa UPCN\u201d, que se llev\u00f3 a cabo el \u00faltimo fin de semana en Formosa. Trece (13) medallas, con cuatro (4) de oro, dos en la categor\u00eda Senior.<\/p>\n<p><!--more--><\/p>\n<p><img loading=\"lazy\" decoding=\"async\" class=\"alignleft size-medium wp-image-22023\" src=\"https:\/\/crc.org.ar\/w\/wp-content\/uploads\/2019\/09\/judo-UPCN-300x225.jpeg\" alt=\"\" width=\"300\" height=\"225\" srcset=\"https:\/\/crc.org.ar\/w\/wp-content\/uploads\/2019\/09\/judo-UPCN-300x225.jpeg 300w, https:\/\/crc.org.ar\/w\/wp-content\/uploads\/2019\/09\/judo-UPCN-768x576.jpeg 768w, https:\/\/crc.org.ar\/w\/wp-content\/uploads\/2019\/09\/judo-UPCN.jpeg 974w\" sizes=\"(max-width: 300px) 100vw, 300px\" \/>El pasado fin de semana se realiz\u00f3 con gran \u00e9xito la Copa UPCN de Judo, en el Club Sol de Am\u00e9rica de Formosa, con la participaci\u00f3n de casi 300 luchadores pertenecientes a equipos del Chaco, Corrientes, Paraguay y Formosa.<\/p>\n<p>De la competencia fue de la partida el equipo de judo del Club de Regatas Corrientes, cosechando trece (13) medallas, cuatro (4) de oro, incluida dos en la categor\u00eda m\u00e1s importante a trav\u00e9s de <strong>Gonzalo Ferro<\/strong>, en su regreso a la competencia, y <strong>Nicol\u00e1s Astorga<\/strong>.<\/p>\n<p>Adem\u00e1s de cuatro (4) preseas de plata y cinco (5) de bronce, que no hacen m\u00e1s que confirmar el gran momento del equipo de judo regatense, que se viene preparando para el Torneo Nacional Clausura que se llevar\u00e1 a cabo en Regatas del 10 al 13 de octubre.<\/p>\n<p>Tambi\u00e9n para destacar el gran torneo del <strong>Rodrigo Insaurralde<\/strong> que se colg\u00f3 las dos restantes preseas de oro, y lo hizo en las categor\u00edas Kyu Novicio y Sub 18, lo que deja en evidencia el gran presente del judoca regatense.<\/p>\n<p><strong>PODIOS REGATENSES<\/strong><\/p>\n<p>Medallas de oro: <strong>Gonzalo Ferro<\/strong> (Senior \u2013 66 kilogramos), <strong>Nicol\u00e1s Astorga<\/strong> (Senior \u2013 73 kilogramos), <strong>Rodrigo Insaurralde<\/strong> (Kyu Novicio \u2013 66 kilogramos), y <strong>Rodrigo Insaurralde<\/strong> (Sub 18 \u2013 66 kilogramos).<\/p>\n<p>Medallas de plata: <strong>Agustina Rodr\u00edguez<\/strong> (Senior 57 kilogramos), <strong>Ignacio Mari\u00f1o<\/strong> (Kyu Novicio \u2013 60 kilogramos), <strong>Luciano B\u00e1ez<\/strong> (Kyu Novicio \u2013 66 kilogramos), y <strong>Roc\u00edo Yard\u00edn<\/strong> (Sub 18 &#8211; 63 kilogramos).<\/p>\n<p>Medallas de bronce: <strong>Facundo Ferro<\/strong> (Senior \u2013 60 kilogramos), <strong>Dar\u00edo Dalmao<\/strong> (Senior \u2013 66 kilogramos), <strong>Juan Niz<\/strong> (Kyu Novicio \u2013 66 kilogramos), <strong>Juan Niz<\/strong> (Sub 18 \u2013 66 kilogramos), y <strong>Luz Oviedo<\/strong> (Sub 18 \u2013 63 kilogramos).<\/p>\n<p>&nbsp;<\/p>\n","protected":false},"excerpt":{"rendered":"<p>(Mi\u00e9rcoles 18 de septiembre de 2019). Una gran actuaci\u00f3n tuvo el equipo de judo del Club de Regatas Corrientes en la tradicional \u201cCopa UPCN\u201d, que se llev\u00f3 a cabo el \u00faltimo fin de semana en Formosa. Trece (13) medallas, con cuatro (4) de oro, dos en la categor\u00eda Senior. El pasado fin de semana se &hellip;<\/p>\n","protected":false},"author":1,"featured_media":22023,"comment_status":"closed","ping_status":"closed","sticky":false,"template":"","format":"standard","meta":{"footnotes":""},"categories":[17,156],"tags":[],"_links":{"self":[{"href":"https:\/\/crc.org.ar\/w\/wp-json\/wp\/v2\/posts\/22022"}],"collection":[{"href":"https:\/\/crc.org.ar\/w\/wp-json\/wp\/v2\/posts"}],"about":[{"href":"https:\/\/crc.org.ar\/w\/wp-json\/wp\/v2\/types\/post"}],"author":[{"embeddable":true,"href":"https:\/\/crc.org.ar\/w\/wp-json\/wp\/v2\/users\/1"}],"replies":[{"embeddable":true,"href":"https:\/\/crc.org.ar\/w\/wp-json\/wp\/v2\/comments?post=22022"}],"version-history":[{"count":1,"href":"https:\/\/crc.org.ar\/w\/wp-json\/wp\/v2\/posts\/22022\/revisions"}],"predecessor-version":[{"id":22024,"href":"https:\/\/crc.org.ar\/w\/wp-json\/wp\/v2\/posts\/22022\/revisions\/22024"}],"wp:featuredmedia":[{"embeddable":true,"href":"https:\/\/crc.org.ar\/w\/wp-json\/wp\/v2\/media\/22023"}],"wp:attachment":[{"href":"https:\/\/crc.org.ar\/w\/wp-json\/wp\/v2\/media?parent=22022"}],"wp:term":[{"taxonomy":"category","embeddable":true,"href":"https:\/\/crc.org.ar\/w\/wp-json\/wp\/v2\/categories?post=22022"},{"taxonomy":"post_tag","embeddable":true,"href":"https:\/\/crc.org.ar\/w\/wp-json\/wp\/v2\/tags?post=22022"}],"curies":[{"name":"wp","href":"https:\/\/api.w.org\/{rel}","templated":true}]}}