{"id":22164,"date":"2019-09-22T19:02:20","date_gmt":"2019-09-22T22:02:20","guid":{"rendered":"https:\/\/crc.org.ar\/w\/?p=22164"},"modified":"2019-09-22T19:38:59","modified_gmt":"2019-09-22T22:38:59","slug":"96-anos-desafiando-el-parana","status":"publish","type":"post","link":"https:\/\/crc.org.ar\/w\/96-anos-desafiando-el-parana\/","title":{"rendered":"&#8220;96 a\u00f1os desafiando el Paran\u00e1&#8221;"},"content":{"rendered":"<p>(Domingo 22 de septiembre de 2019). Siguiendo con las actividades en el &#8220;Mes Aniversario&#8221; del Club de Regatas Corrientes, este fin de semana se llevar\u00e1 a cabo el Programa &#8220;96 a\u00f1os desafiando el Paran\u00e1&#8221; competencia de remoerg\u00f3metro (s\u00e1bado) y regata de remo (domingo).<\/p>\n<p><!--more--><\/p>\n<p><img loading=\"lazy\" decoding=\"async\" class=\"alignright size-medium wp-image-22165\" src=\"https:\/\/crc.org.ar\/w\/wp-content\/uploads\/2019\/09\/Remo-300x146.jpeg\" alt=\"\" width=\"300\" height=\"146\" srcset=\"https:\/\/crc.org.ar\/w\/wp-content\/uploads\/2019\/09\/Remo-300x146.jpeg 300w, https:\/\/crc.org.ar\/w\/wp-content\/uploads\/2019\/09\/Remo-768x373.jpeg 768w, https:\/\/crc.org.ar\/w\/wp-content\/uploads\/2019\/09\/Remo-1024x498.jpeg 1024w, https:\/\/crc.org.ar\/w\/wp-content\/uploads\/2019\/09\/Remo.jpeg 1280w\" sizes=\"(max-width: 300px) 100vw, 300px\" \/>Para festejar un nuevo Aniversario del Club de Regatas Corrientes, el remo prepara para este fin de semana un interesante Programa de actividades denominado &#8220;96 a\u00f1os desafiando el Paran\u00e1&#8221;.<\/p>\n<p>El s\u00e1bado ser\u00e1 el turno de la competencia de remoerg\u00f3metro, que se dividir\u00e1 por categor\u00edas y por distancia, a llevarse a cabo en la instituci\u00f3n del parque Mitre; y cuya inscripci\u00f3n ya est\u00e1 abierta en el galp\u00f3n de botes y en la Direcci\u00f3n de Deportes de la instituci\u00f3n.<\/p>\n<p>Mientras que el domingo ser\u00e1 el turno de la regata Aniversario, una competencia que finalmente se llevar\u00e1 a cabo en el frente al Club y no en la playa Arazaty como en principio estaba anunciado.<\/p>\n<p>Motivos log\u00edsticos de organizaci\u00f3n determinaron el cambio de la competencia, en una actividad en donde se espera la presencia de un par de clubes de Asunci\u00f3n del Paraguay, en una jornada que promete ser a puro remo.<\/p>\n","protected":false},"excerpt":{"rendered":"<p>(Domingo 22 de septiembre de 2019). Siguiendo con las actividades en el &#8220;Mes Aniversario&#8221; del Club de Regatas Corrientes, este fin de semana se llevar\u00e1 a cabo el Programa &#8220;96 a\u00f1os desafiando el Paran\u00e1&#8221; competencia de remoerg\u00f3metro (s\u00e1bado) y regata de remo (domingo). Para festejar un nuevo Aniversario del Club de Regatas Corrientes, el remo &hellip;<\/p>\n","protected":false},"author":1,"featured_media":22165,"comment_status":"closed","ping_status":"closed","sticky":false,"template":"","format":"standard","meta":{"footnotes":""},"categories":[156,18],"tags":[],"_links":{"self":[{"href":"https:\/\/crc.org.ar\/w\/wp-json\/wp\/v2\/posts\/22164"}],"collection":[{"href":"https:\/\/crc.org.ar\/w\/wp-json\/wp\/v2\/posts"}],"about":[{"href":"https:\/\/crc.org.ar\/w\/wp-json\/wp\/v2\/types\/post"}],"author":[{"embeddable":true,"href":"https:\/\/crc.org.ar\/w\/wp-json\/wp\/v2\/users\/1"}],"replies":[{"embeddable":true,"href":"https:\/\/crc.org.ar\/w\/wp-json\/wp\/v2\/comments?post=22164"}],"version-history":[{"count":1,"href":"https:\/\/crc.org.ar\/w\/wp-json\/wp\/v2\/posts\/22164\/revisions"}],"predecessor-version":[{"id":22166,"href":"https:\/\/crc.org.ar\/w\/wp-json\/wp\/v2\/posts\/22164\/revisions\/22166"}],"wp:featuredmedia":[{"embeddable":true,"href":"https:\/\/crc.org.ar\/w\/wp-json\/wp\/v2\/media\/22165"}],"wp:attachment":[{"href":"https:\/\/crc.org.ar\/w\/wp-json\/wp\/v2\/media?parent=22164"}],"wp:term":[{"taxonomy":"category","embeddable":true,"href":"https:\/\/crc.org.ar\/w\/wp-json\/wp\/v2\/categories?post=22164"},{"taxonomy":"post_tag","embeddable":true,"href":"https:\/\/crc.org.ar\/w\/wp-json\/wp\/v2\/tags?post=22164"}],"curies":[{"name":"wp","href":"https:\/\/api.w.org\/{rel}","templated":true}]}}