{"id":22172,"date":"2019-09-23T18:02:21","date_gmt":"2019-09-23T21:02:21","guid":{"rendered":"https:\/\/crc.org.ar\/w\/?p=22172"},"modified":"2019-09-24T09:57:03","modified_gmt":"2019-09-24T12:57:03","slug":"categorias-pesos-y-distancias-para-el-torneo-de-remoergometro","status":"publish","type":"post","link":"https:\/\/crc.org.ar\/w\/categorias-pesos-y-distancias-para-el-torneo-de-remoergometro\/","title":{"rendered":"Categor\u00edas, pesos y distancias para  el torneo de remoerg\u00f3metro"},"content":{"rendered":"<p>(Lunes 23 de septiembre de 2019). Este fin de semana se llevar\u00e1 a cabo el Programa &#8220;96 a\u00f1os desafiando el Paran\u00e1&#8221; competencia de remoerg\u00f3metro (s\u00e1bado) y regata de remo (domingo), en el marco de las actividades por un a\u00f1o m\u00e1s de vida del Club de Regatas Corrientes.<\/p>\n<p><!--more--><\/p>\n<p><img loading=\"lazy\" decoding=\"async\" class=\"size-medium wp-image-22173 alignleft\" src=\"https:\/\/crc.org.ar\/w\/wp-content\/uploads\/2019\/09\/REMOERGOMETRO-300x148.jpg\" alt=\"\" width=\"300\" height=\"148\" srcset=\"https:\/\/crc.org.ar\/w\/wp-content\/uploads\/2019\/09\/REMOERGOMETRO-300x148.jpg 300w, https:\/\/crc.org.ar\/w\/wp-content\/uploads\/2019\/09\/REMOERGOMETRO-768x379.jpg 768w, https:\/\/crc.org.ar\/w\/wp-content\/uploads\/2019\/09\/REMOERGOMETRO.jpg 800w\" sizes=\"(max-width: 300px) 100vw, 300px\" \/><\/p>\n<p>El coordinador y entrenador de remo del Club de Regatas Corrientes, <strong>Harris Gonz\u00e1lez Escobar<\/strong>, dio a conocer detalles de la competencia de remoerg\u00f3metro que se llevar\u00e1 a cabo este s\u00e1bado en el marco del programa \u201c96 a\u00f1os desafiando al Paran\u00e1\u201d.<\/p>\n<p>La competencia de remoerg\u00f3metro comenzar\u00e1 este s\u00e1bado a las 15 horas, y estar\u00e1 reservada para las categor\u00edas Peso Ligero (hombres hasta 72 kilogramos y mujeres hasta 58), Peso Libre (abierto a todas las categor\u00edas), y por equipo mixtos (de 5 a 10 integrantes).<\/p>\n<p>En cuanto a las distancias, teniendo en cuenta las categor\u00edas, la competencia ser\u00e1 as\u00ed: 300 metros Sub 12 (femenino y masculino), 1.000 metros Peso Libre (femenino y masculino), y 750 metros Sub 16 (femenino y masculino).<\/p>\n<p>Mil (1.000) metros categor\u00eda Libre (femenino y masculino), 1.000 metros Sub 18 (femenino y masculino), 500 metros Sub 14 (femenino y masculino), y 5.000 metros por equipos (mixto).<\/p>\n<p>Recordemos que el Programa continuar\u00e1 el domingo, con la regata Aniversario, una competencia que finalmente se llevar\u00e1 a cabo en el frente al Club y no en la playa Arazaty como en principio estaba anunciada.<\/p>\n<p>Motivos log\u00edsticos de organizaci\u00f3n determinaron el cambio de escenario, en una actividad en donde se espera la presencia de un par de clubes de Asunci\u00f3n del Paraguay, lo que ya garantiza el \u00e9xito.<\/p>\n","protected":false},"excerpt":{"rendered":"<p>(Lunes 23 de septiembre de 2019). Este fin de semana se llevar\u00e1 a cabo el Programa &#8220;96 a\u00f1os desafiando el Paran\u00e1&#8221; competencia de remoerg\u00f3metro (s\u00e1bado) y regata de remo (domingo), en el marco de las actividades por un a\u00f1o m\u00e1s de vida del Club de Regatas Corrientes. El coordinador y entrenador de remo del Club &hellip;<\/p>\n","protected":false},"author":1,"featured_media":22173,"comment_status":"closed","ping_status":"closed","sticky":false,"template":"","format":"standard","meta":{"footnotes":""},"categories":[156,18],"tags":[],"_links":{"self":[{"href":"https:\/\/crc.org.ar\/w\/wp-json\/wp\/v2\/posts\/22172"}],"collection":[{"href":"https:\/\/crc.org.ar\/w\/wp-json\/wp\/v2\/posts"}],"about":[{"href":"https:\/\/crc.org.ar\/w\/wp-json\/wp\/v2\/types\/post"}],"author":[{"embeddable":true,"href":"https:\/\/crc.org.ar\/w\/wp-json\/wp\/v2\/users\/1"}],"replies":[{"embeddable":true,"href":"https:\/\/crc.org.ar\/w\/wp-json\/wp\/v2\/comments?post=22172"}],"version-history":[{"count":3,"href":"https:\/\/crc.org.ar\/w\/wp-json\/wp\/v2\/posts\/22172\/revisions"}],"predecessor-version":[{"id":22187,"href":"https:\/\/crc.org.ar\/w\/wp-json\/wp\/v2\/posts\/22172\/revisions\/22187"}],"wp:featuredmedia":[{"embeddable":true,"href":"https:\/\/crc.org.ar\/w\/wp-json\/wp\/v2\/media\/22173"}],"wp:attachment":[{"href":"https:\/\/crc.org.ar\/w\/wp-json\/wp\/v2\/media?parent=22172"}],"wp:term":[{"taxonomy":"category","embeddable":true,"href":"https:\/\/crc.org.ar\/w\/wp-json\/wp\/v2\/categories?post=22172"},{"taxonomy":"post_tag","embeddable":true,"href":"https:\/\/crc.org.ar\/w\/wp-json\/wp\/v2\/tags?post=22172"}],"curies":[{"name":"wp","href":"https:\/\/api.w.org\/{rel}","templated":true}]}}