{"id":22196,"date":"2019-09-24T16:13:29","date_gmt":"2019-09-24T19:13:29","guid":{"rendered":"https:\/\/crc.org.ar\/w\/?p=22196"},"modified":"2019-09-24T17:13:45","modified_gmt":"2019-09-24T20:13:45","slug":"con-el-clasico-del-parque-mitre-regatas-cierra-la-primera-rueda","status":"publish","type":"post","link":"https:\/\/crc.org.ar\/w\/con-el-clasico-del-parque-mitre-regatas-cierra-la-primera-rueda\/","title":{"rendered":"Con el cl\u00e1sico del Parque Mitre,  Regatas cierra la primera rueda"},"content":{"rendered":"<p>(Martes 24 de septiembre de 2019). Este mi\u00e9rcoles, Regatas Corrientes y Alvear reviven una nueva edici\u00f3n del cl\u00e1sico de Barrio. El duelo ser\u00e1 por la s\u00e9ptima fecha del Torneo Oficial, que marca el fin de la primera rueda de la competencia.<\/p>\n<p><!--more--><\/p>\n<p><img loading=\"lazy\" decoding=\"async\" class=\"alignleft size-medium wp-image-22197\" src=\"https:\/\/crc.org.ar\/w\/wp-content\/uploads\/2019\/09\/4CRC-CORDOBA-1-300x187.jpeg\" alt=\"\" width=\"300\" height=\"187\" srcset=\"https:\/\/crc.org.ar\/w\/wp-content\/uploads\/2019\/09\/4CRC-CORDOBA-1-300x187.jpeg 300w, https:\/\/crc.org.ar\/w\/wp-content\/uploads\/2019\/09\/4CRC-CORDOBA-1-768x478.jpeg 768w, https:\/\/crc.org.ar\/w\/wp-content\/uploads\/2019\/09\/4CRC-CORDOBA-1-1024x637.jpeg 1024w, https:\/\/crc.org.ar\/w\/wp-content\/uploads\/2019\/09\/4CRC-CORDOBA-1.jpeg 1152w\" sizes=\"(max-width: 300px) 100vw, 300px\" \/>Con la disputa de la s\u00e9ptima fecha, esta llegando a su fin la primera rueda del Torneo Oficial de Primera Divisi\u00f3n de la Asociaci\u00f3n de B\u00e1squetbol de la Ciudad de Corrientes (ABCC).<\/p>\n<p>En ese marco, este mi\u00e9rcoles a partir de las 21 horas en el estadio del club Col\u00f3n, Regatas Corrientes y Alvear protagonizar\u00e1n el cl\u00e1sico del Barrio. Luego, el local estar\u00e1 recibiendo a El Tala.<\/p>\n<p>El conjunto dirigido por <strong>Juan Pablo Mascar\u00f3<\/strong>, acumula una racha de 6 victorias al hilo en sus 6 presentaciones. Recordemos que la primera fecha tuvo suspendido su duelo frente a Col\u00f3n por estar disput\u00e1ndose el Campeonato Argentino de Selecciones.<\/p>\n<p>Repasando entonces, el \u201cremero\u201d le gan\u00f3 en la segunda fecha a El Tala, en la tercera a San Mart\u00edn, en la cuarta a Juventus, contra Arroyito gan\u00f3 en la quinta fecha, y en la \u00faltima jornada, venci\u00f3 al club C\u00f3rdoba.<\/p>\n<p>De esta manera Regatas Corrientes es el \u00fanico equipo invicto hasta el momento, y se ubica en soledad en la punta del campeonato con 10 unidades.<\/p>\n<p>Por su parte, el equipo de <strong>Diego Checenelli<\/strong>, es el \u00fanico conjunto que hasta el momento ha jugado todos sus partidos, ya que no tuvo ninguna suspensi\u00f3n por el Argentino de Selecciones.<\/p>\n<p>El equipo que fue finalista en la pasada edici\u00f3n del Torneo Oficial y de la Copa Palacio (en ambas cay\u00f3 contra Col\u00f3n), viene con un andar irregular por el momento.<\/p>\n<p>En la primera jornada cay\u00f3 contra Juventus, en la segunda fecha le gan\u00f3 a Arroyito, en la tercera perdi\u00f3 contra C\u00f3rdoba, al igual que en la cuarta frente a San Mart\u00edn. En la quinta fecha se repuso gan\u00e1ndole a Col\u00f3n, y en la \u00faltima venci\u00f3 a El Tala.<\/p>\n<p>Entonces, este mi\u00e9rcoles a partir de las 21, en cancha del club Col\u00f3n, Regatas y Alvear estar\u00e1n reeditando el cl\u00e1sico de Barrio, en un duelo fundamental para ir acomod\u00e1ndose de a poco en las primeras posiciones.<\/p>\n","protected":false},"excerpt":{"rendered":"<p>(Martes 24 de septiembre de 2019). Este mi\u00e9rcoles, Regatas Corrientes y Alvear reviven una nueva edici\u00f3n del cl\u00e1sico de Barrio. El duelo ser\u00e1 por la s\u00e9ptima fecha del Torneo Oficial, que marca el fin de la primera rueda de la competencia. Con la disputa de la s\u00e9ptima fecha, esta llegando a su fin la primera &hellip;<\/p>\n","protected":false},"author":1,"featured_media":22198,"comment_status":"closed","ping_status":"closed","sticky":false,"template":"","format":"standard","meta":{"footnotes":""},"categories":[80,156],"tags":[],"_links":{"self":[{"href":"https:\/\/crc.org.ar\/w\/wp-json\/wp\/v2\/posts\/22196"}],"collection":[{"href":"https:\/\/crc.org.ar\/w\/wp-json\/wp\/v2\/posts"}],"about":[{"href":"https:\/\/crc.org.ar\/w\/wp-json\/wp\/v2\/types\/post"}],"author":[{"embeddable":true,"href":"https:\/\/crc.org.ar\/w\/wp-json\/wp\/v2\/users\/1"}],"replies":[{"embeddable":true,"href":"https:\/\/crc.org.ar\/w\/wp-json\/wp\/v2\/comments?post=22196"}],"version-history":[{"count":1,"href":"https:\/\/crc.org.ar\/w\/wp-json\/wp\/v2\/posts\/22196\/revisions"}],"predecessor-version":[{"id":22199,"href":"https:\/\/crc.org.ar\/w\/wp-json\/wp\/v2\/posts\/22196\/revisions\/22199"}],"wp:featuredmedia":[{"embeddable":true,"href":"https:\/\/crc.org.ar\/w\/wp-json\/wp\/v2\/media\/22198"}],"wp:attachment":[{"href":"https:\/\/crc.org.ar\/w\/wp-json\/wp\/v2\/media?parent=22196"}],"wp:term":[{"taxonomy":"category","embeddable":true,"href":"https:\/\/crc.org.ar\/w\/wp-json\/wp\/v2\/categories?post=22196"},{"taxonomy":"post_tag","embeddable":true,"href":"https:\/\/crc.org.ar\/w\/wp-json\/wp\/v2\/tags?post=22196"}],"curies":[{"name":"wp","href":"https:\/\/api.w.org\/{rel}","templated":true}]}}