{"id":22203,"date":"2019-09-24T23:00:05","date_gmt":"2019-09-25T02:00:05","guid":{"rendered":"https:\/\/crc.org.ar\/w\/?p=22203"},"modified":"2019-09-25T06:31:36","modified_gmt":"2019-09-25T09:31:36","slug":"nueva-cita-con-el-tenis-de-mesa-regatense","status":"publish","type":"post","link":"https:\/\/crc.org.ar\/w\/nueva-cita-con-el-tenis-de-mesa-regatense\/","title":{"rendered":"Nueva cita con el tenis de mesa regatense"},"content":{"rendered":"<p>(Martes 24 de septiembre de 2019). Este fin de semana se jugar\u00e1 la segunda fecha del Torneo Interno de tenis mesa del Club de Regatas Corrientes. La competencia se llevar\u00e1 a cabo en el sal\u00f3n de usos m\u00faltiples (SUM).<\/p>\n<p><!--more--><\/p>\n<p><img loading=\"lazy\" decoding=\"async\" class=\"alignleft size-medium wp-image-22204\" src=\"https:\/\/crc.org.ar\/w\/wp-content\/uploads\/2019\/09\/tdm7-300x173.jpeg\" alt=\"\" width=\"300\" height=\"173\" srcset=\"https:\/\/crc.org.ar\/w\/wp-content\/uploads\/2019\/09\/tdm7-300x173.jpeg 300w, https:\/\/crc.org.ar\/w\/wp-content\/uploads\/2019\/09\/tdm7-768x444.jpeg 768w, https:\/\/crc.org.ar\/w\/wp-content\/uploads\/2019\/09\/tdm7-1024x592.jpeg 1024w, https:\/\/crc.org.ar\/w\/wp-content\/uploads\/2019\/09\/tdm7.jpeg 1184w\" sizes=\"(max-width: 300px) 100vw, 300px\" \/>La subcomisi\u00f3n de tenis de mesa del Club de Regatas Corrientes continuar\u00e1 este fin de semana con la segunda fecha del Torneo Interno de la especialidad, tras el \u00e9xito de la primera convocatoria.<\/p>\n<p>La segunda fecha del torneo Interno, que se llevar\u00e1 a cabo en el sal\u00f3n de usos m\u00faltiples (SUM),\u00a0 comenzar\u00e1 el s\u00e1bado a las 9 horas, con las categor\u00edas Promocional Menores y Mayores, y Damas, y continuar\u00e1 a las 11 con la categor\u00eda Tercera.<\/p>\n<p>En tanto que el domingo, a las 9 horas, ser\u00e1 el turno de la categor\u00eda Segunda, a las 12.30 Primera, y a las 15 Maxi (a partir de 35 a\u00f1os Mixto). Para informaci\u00f3n e inscripci\u00f3n comunicarse a los tel\u00e9fonos 3794 \u2013 967829, 3794 \u2013 950886 y 3794 \u2013 001031.<\/p>\n<p><strong>EL CAMPEONATO<\/strong><\/p>\n<p>Tras la primera fecha del Torneo, las posiciones quedaron as\u00ed:<\/p>\n<p><strong>Primera:<\/strong> 1- Federico Gallardo, 2- Mat\u00edas Vilte Bosch, y 3- Cayetano Troia y Nicol\u00e1s N\u00fa\u00f1ez.<\/p>\n<p><strong>Segunda<\/strong>: 1- Enzo Camola, 2- Ricardo Fidanza, y 3- Diego Breard y Luciano Galarza.<\/p>\n<p><strong>Tercera<\/strong>: 1- Hugo Feltan, 2- D\u00e9bora Romero, y 3- Benjam\u00edn Mazza y Rodrigo Meda.<\/p>\n<p><strong>Damas<\/strong>: 1- D\u00e9bora Romero, 2- Flavia Dusset, y 3- Gladys Correa y Mar\u00eda Teresa Pozzi.<\/p>\n<p><strong>Maxi (+35):<\/strong> 1- Cayetano Troia, 2- Carlos N\u00fa\u00f1ez, y 3- Miguel Vilte y Hugo Feltan.<\/p>\n<p><strong>Promocional Menores:<\/strong> 1- Valentino Centuri\u00f3n, 2- Kevin Dos Santos, y 3- Patricio Centuri\u00f3n.<\/p>\n","protected":false},"excerpt":{"rendered":"<p>(Martes 24 de septiembre de 2019). Este fin de semana se jugar\u00e1 la segunda fecha del Torneo Interno de tenis mesa del Club de Regatas Corrientes. La competencia se llevar\u00e1 a cabo en el sal\u00f3n de usos m\u00faltiples (SUM). La subcomisi\u00f3n de tenis de mesa del Club de Regatas Corrientes continuar\u00e1 este fin de semana &hellip;<\/p>\n","protected":false},"author":1,"featured_media":22204,"comment_status":"closed","ping_status":"closed","sticky":false,"template":"","format":"standard","meta":{"footnotes":""},"categories":[156,13],"tags":[],"_links":{"self":[{"href":"https:\/\/crc.org.ar\/w\/wp-json\/wp\/v2\/posts\/22203"}],"collection":[{"href":"https:\/\/crc.org.ar\/w\/wp-json\/wp\/v2\/posts"}],"about":[{"href":"https:\/\/crc.org.ar\/w\/wp-json\/wp\/v2\/types\/post"}],"author":[{"embeddable":true,"href":"https:\/\/crc.org.ar\/w\/wp-json\/wp\/v2\/users\/1"}],"replies":[{"embeddable":true,"href":"https:\/\/crc.org.ar\/w\/wp-json\/wp\/v2\/comments?post=22203"}],"version-history":[{"count":1,"href":"https:\/\/crc.org.ar\/w\/wp-json\/wp\/v2\/posts\/22203\/revisions"}],"predecessor-version":[{"id":22205,"href":"https:\/\/crc.org.ar\/w\/wp-json\/wp\/v2\/posts\/22203\/revisions\/22205"}],"wp:featuredmedia":[{"embeddable":true,"href":"https:\/\/crc.org.ar\/w\/wp-json\/wp\/v2\/media\/22204"}],"wp:attachment":[{"href":"https:\/\/crc.org.ar\/w\/wp-json\/wp\/v2\/media?parent=22203"}],"wp:term":[{"taxonomy":"category","embeddable":true,"href":"https:\/\/crc.org.ar\/w\/wp-json\/wp\/v2\/categories?post=22203"},{"taxonomy":"post_tag","embeddable":true,"href":"https:\/\/crc.org.ar\/w\/wp-json\/wp\/v2\/tags?post=22203"}],"curies":[{"name":"wp","href":"https:\/\/api.w.org\/{rel}","templated":true}]}}