{"id":22221,"date":"2019-09-26T17:00:25","date_gmt":"2019-09-26T20:00:25","guid":{"rendered":"https:\/\/crc.org.ar\/w\/?p=22221"},"modified":"2019-09-26T17:53:02","modified_gmt":"2019-09-26T20:53:02","slug":"alvear-freno-el-buen-andar-de-regatas","status":"publish","type":"post","link":"https:\/\/crc.org.ar\/w\/alvear-freno-el-buen-andar-de-regatas\/","title":{"rendered":"Alvear fren\u00f3 el buen andar de Regatas"},"content":{"rendered":"<p>(Jueves 26 de septiembre de 2019). Con un flojo \u00faltimo cuarto, Regatas cay\u00f3 frente a Alvear por 60 a 56, y se qued\u00f3 sin invicto en el cierre de la primera rueda del Torneo Oficial. Cristian Ortiz fue la figura del juego con 23 puntos.<\/p>\n<p><!--more--><\/p>\n<p>El mi\u00e9rcoles por la noche, en cancha de Col\u00f3n, Alvear venci\u00f3 a Regatas por 60 a 56, y le cort\u00f3 el invicto de 5 partidos al hilo, en lo que fue la s\u00e9ptima fecha, y cierre de la primera rueda, del Torneo Oficial de Primera divisi\u00f3n de la Asociaci\u00f3n de B\u00e1squetbol de la Ciudad de Corrientes (ABCC).<\/p>\n<p>Desde el inicio del juego, Regatas propuso una buena defensa, pero en ataque no pudo superar la zona defensiva del Alvear, lo que pon\u00eda el juego 5 a 4 en favor del \u201cremero\u201d en 5 minutos. Sobre el cierre del parcial, dos bombas, una de Revidatti y una de Sandoval, hicieron que los de Checenelli se vayan al primer descanso arriba 18 a 12.<\/p>\n<div id='gallery-1' class='gallery galleryid-22221 gallery-columns-3 gallery-size-thumbnail'><figure class='gallery-item'>\n\t\t\t<div class='gallery-icon landscape'>\n\t\t\t\t<a href='https:\/\/crc.org.ar\/w\/wp-content\/uploads\/2019\/09\/CRC-1.jpeg'><img loading=\"lazy\" decoding=\"async\" width=\"150\" height=\"150\" src=\"https:\/\/crc.org.ar\/w\/wp-content\/uploads\/2019\/09\/CRC-1-150x150.jpeg\" class=\"attachment-thumbnail size-thumbnail\" alt=\"\" \/><\/a>\n\t\t\t<\/div><\/figure><figure class='gallery-item'>\n\t\t\t<div class='gallery-icon landscape'>\n\t\t\t\t<a href='https:\/\/crc.org.ar\/w\/wp-content\/uploads\/2019\/09\/CRC-ALVEAR.jpeg'><img loading=\"lazy\" decoding=\"async\" width=\"150\" height=\"150\" src=\"https:\/\/crc.org.ar\/w\/wp-content\/uploads\/2019\/09\/CRC-ALVEAR-150x150.jpeg\" class=\"attachment-thumbnail size-thumbnail\" alt=\"\" \/><\/a>\n\t\t\t<\/div><\/figure><figure class='gallery-item'>\n\t\t\t<div class='gallery-icon landscape'>\n\t\t\t\t<a href='https:\/\/crc.org.ar\/w\/wp-content\/uploads\/2019\/09\/CRC-ALVEAR1.jpeg'><img loading=\"lazy\" decoding=\"async\" width=\"150\" height=\"150\" src=\"https:\/\/crc.org.ar\/w\/wp-content\/uploads\/2019\/09\/CRC-ALVEAR1-150x150.jpeg\" class=\"attachment-thumbnail size-thumbnail\" alt=\"\" \/><\/a>\n\t\t\t<\/div><\/figure><figure class='gallery-item'>\n\t\t\t<div class='gallery-icon landscape'>\n\t\t\t\t<a href='https:\/\/crc.org.ar\/w\/wp-content\/uploads\/2019\/09\/CRC-ALVEAR2.jpeg'><img loading=\"lazy\" decoding=\"async\" width=\"150\" height=\"150\" src=\"https:\/\/crc.org.ar\/w\/wp-content\/uploads\/2019\/09\/CRC-ALVEAR2-150x150.jpeg\" class=\"attachment-thumbnail size-thumbnail\" alt=\"\" \/><\/a>\n\t\t\t<\/div><\/figure><figure class='gallery-item'>\n\t\t\t<div class='gallery-icon landscape'>\n\t\t\t\t<a href='https:\/\/crc.org.ar\/w\/wp-content\/uploads\/2019\/09\/CRC-ALVEAR3.jpeg'><img loading=\"lazy\" decoding=\"async\" width=\"150\" height=\"150\" src=\"https:\/\/crc.org.ar\/w\/wp-content\/uploads\/2019\/09\/CRC-ALVEAR3-150x150.jpeg\" class=\"attachment-thumbnail size-thumbnail\" alt=\"\" \/><\/a>\n\t\t\t<\/div><\/figure><figure class='gallery-item'>\n\t\t\t<div class='gallery-icon landscape'>\n\t\t\t\t<a href='https:\/\/crc.org.ar\/w\/wp-content\/uploads\/2019\/09\/CRC-ALVEAR4.jpeg'><img loading=\"lazy\" decoding=\"async\" width=\"150\" height=\"150\" src=\"https:\/\/crc.org.ar\/w\/wp-content\/uploads\/2019\/09\/CRC-ALVEAR4-150x150.jpeg\" class=\"attachment-thumbnail size-thumbnail\" alt=\"\" \/><\/a>\n\t\t\t<\/div><\/figure><figure class='gallery-item'>\n\t\t\t<div class='gallery-icon landscape'>\n\t\t\t\t<a href='https:\/\/crc.org.ar\/w\/wp-content\/uploads\/2019\/09\/CRC-ALVEAR5.jpeg'><img loading=\"lazy\" decoding=\"async\" width=\"150\" height=\"150\" src=\"https:\/\/crc.org.ar\/w\/wp-content\/uploads\/2019\/09\/CRC-ALVEAR5-150x150.jpeg\" class=\"attachment-thumbnail size-thumbnail\" alt=\"\" \/><\/a>\n\t\t\t<\/div><\/figure><figure class='gallery-item'>\n\t\t\t<div class='gallery-icon landscape'>\n\t\t\t\t<a href='https:\/\/crc.org.ar\/w\/wp-content\/uploads\/2019\/09\/CRC-ALVEAR6.jpeg'><img loading=\"lazy\" decoding=\"async\" width=\"150\" height=\"150\" src=\"https:\/\/crc.org.ar\/w\/wp-content\/uploads\/2019\/09\/CRC-ALVEAR6-150x150.jpeg\" class=\"attachment-thumbnail size-thumbnail\" alt=\"\" \/><\/a>\n\t\t\t<\/div><\/figure><figure class='gallery-item'>\n\t\t\t<div class='gallery-icon landscape'>\n\t\t\t\t<a href='https:\/\/crc.org.ar\/w\/wp-content\/uploads\/2019\/09\/CRC-ALVEAR7.jpeg'><img loading=\"lazy\" decoding=\"async\" width=\"150\" height=\"150\" src=\"https:\/\/crc.org.ar\/w\/wp-content\/uploads\/2019\/09\/CRC-ALVEAR7-150x150.jpeg\" class=\"attachment-thumbnail size-thumbnail\" alt=\"\" \/><\/a>\n\t\t\t<\/div><\/figure>\n\t\t<\/div>\n\n<p>Regatas sali\u00f3 con una buena presi\u00f3n alta, y en dos minutos meti\u00f3 un parcial de 7 a 0, para ponerse 19 a 18 arriba. En el mejor momento del \u201cFantasma\u201d, aparecieron las figuras de Ortiz (12) y de Revidatti (10), para que el Alvear vuelva a pasar al frente 33 a 26 con un minuto de juego; y ganar el primer tiempo 33 a 28.<\/p>\n<p>Tras el descanso largo, los del barrio Aldana mantuvieron la ventaja hasta los 5 minutos, 37 a 33. En ese momento, Mascar\u00f3 ajust\u00f3 la defensa de sus dirigidos, y con mucha intensidad defensiva, m\u00e1s un gran momento de Franchela (8 en el cuarto), Regatas meti\u00f3 un parcial de 17 a 5 en apenas 5 minutos, para irse al \u00faltimo cap\u00edtulo 50 a 42.<\/p>\n<p>Sin embargo, cuando parec\u00eda que el \u201cremero\u201d se encontraba en su mejor momento basquetbol\u00edstico, todo se desplom\u00f3. Alvear volvi\u00f3 a defender con una zona de 2-3, permitiendo a Regatas tomar tiros del per\u00edmetro, y cerr\u00e1ndose en el poste bajo, lo que le dio muchos r\u00e9ditos. El \u201cfantasma\u201d solamente anot\u00f3 6 puntos en el cuarto, y demor\u00f3 m\u00e1s de 6 minutos para anotar sus primeros puntos, que fueron desde la l\u00ednea.<\/p>\n<p>Los de Checenelli, aprovecharon la poca efectividad de su rival, para salir de contrataque, metiendo un parcial de 12 a 0 en poco m\u00e1s de 6 minutos de juego, con gran aporte de Ortiz (8). Regatas ya desmoronado en la confianza, sigui\u00f3 intentando hasta el final con mucha garra.<\/p>\n<p>Con apenas 4 segundos por jugar, Franchela logr\u00f3 una gran penetraci\u00f3n y puso a su equipo a\u00fan en partido, 56 a 58. Pero en la jugada siguiente, L\u00f3pez no fall\u00f3 desde la l\u00ednea de simple, y sentenci\u00f3 el partido en favor de su equipo por 60 a 56.<\/p>\n<p>De esta forma, Regatas cay\u00f3 por primera vez en el torneo, tras sus 5 primeros partidos, recordando que a\u00fan adeuda la primera fecha frente a Col\u00f3n. Por su parte Alvear, que es el \u00fanico conjunto que disput\u00f3 los 7 partidos, acumula con este triunfo, 4 victorias y 3 derrotas.<\/p>\n<p><strong>La S\u00edntesis<\/strong><\/p>\n<p><strong>Alvear (60): <\/strong>Agust\u00edn Revidatti 17, Lautaro Garc\u00eda 2, Alberto Mi\u00f1o 2 (x), Cristian Ortiz 23, y Augusto L\u00f3pez 7 (FI);\u00a0 Franco Muzzio 0, Maximiliano Monz\u00f3n 5, y Samuel Sandoval 3. DT: Diego Checenelli.<\/p>\n<p><strong>Regatas (56): <\/strong>Enzo Alvaredo 5, Tob\u00edas Franchela 15, Juan Cruz Scacchi 11, Joaqu\u00edn Marc\u00f3n 6, y Franco Zalazar 6 (FI); Facundo Gonz\u00e1lez 2, Ignacio Marc\u00f3 4, Fabio Gauto 3, Gianluca Dondo 4, y Bautista Carulla 0. DT: Juan Pablo Mascar\u00f3.<\/p>\n<p><strong>Parciales: <\/strong>18\/12, 33\/28 (15\/16), 42\/50 (9\/22), 60\/58 (18\/6).<\/p>\n<p><strong>Jueces: <\/strong>Guido Estigarribia e Ignacio Leiva.<\/p>\n","protected":false},"excerpt":{"rendered":"<p>(Jueves 26 de septiembre de 2019). Con un flojo \u00faltimo cuarto, Regatas cay\u00f3 frente a Alvear por 60 a 56, y se qued\u00f3 sin invicto en el cierre de la primera rueda del Torneo Oficial. Cristian Ortiz fue la figura del juego con 23 puntos. El mi\u00e9rcoles por la noche, en cancha de Col\u00f3n, Alvear &hellip;<\/p>\n","protected":false},"author":1,"featured_media":22231,"comment_status":"closed","ping_status":"closed","sticky":false,"template":"","format":"standard","meta":{"footnotes":""},"categories":[80,156],"tags":[],"_links":{"self":[{"href":"https:\/\/crc.org.ar\/w\/wp-json\/wp\/v2\/posts\/22221"}],"collection":[{"href":"https:\/\/crc.org.ar\/w\/wp-json\/wp\/v2\/posts"}],"about":[{"href":"https:\/\/crc.org.ar\/w\/wp-json\/wp\/v2\/types\/post"}],"author":[{"embeddable":true,"href":"https:\/\/crc.org.ar\/w\/wp-json\/wp\/v2\/users\/1"}],"replies":[{"embeddable":true,"href":"https:\/\/crc.org.ar\/w\/wp-json\/wp\/v2\/comments?post=22221"}],"version-history":[{"count":1,"href":"https:\/\/crc.org.ar\/w\/wp-json\/wp\/v2\/posts\/22221\/revisions"}],"predecessor-version":[{"id":22232,"href":"https:\/\/crc.org.ar\/w\/wp-json\/wp\/v2\/posts\/22221\/revisions\/22232"}],"wp:featuredmedia":[{"embeddable":true,"href":"https:\/\/crc.org.ar\/w\/wp-json\/wp\/v2\/media\/22231"}],"wp:attachment":[{"href":"https:\/\/crc.org.ar\/w\/wp-json\/wp\/v2\/media?parent=22221"}],"wp:term":[{"taxonomy":"category","embeddable":true,"href":"https:\/\/crc.org.ar\/w\/wp-json\/wp\/v2\/categories?post=22221"},{"taxonomy":"post_tag","embeddable":true,"href":"https:\/\/crc.org.ar\/w\/wp-json\/wp\/v2\/tags?post=22221"}],"curies":[{"name":"wp","href":"https:\/\/api.w.org\/{rel}","templated":true}]}}