{"id":22263,"date":"2019-09-26T22:41:29","date_gmt":"2019-09-27T01:41:29","guid":{"rendered":"https:\/\/crc.org.ar\/w\/?p=22263"},"modified":"2019-09-27T08:43:00","modified_gmt":"2019-09-27T11:43:00","slug":"mejor-noticia-imposible-en-el-aniversario-regatas-sera-sede-del-nacional-clausura","status":"publish","type":"post","link":"https:\/\/crc.org.ar\/w\/mejor-noticia-imposible-en-el-aniversario-regatas-sera-sede-del-nacional-clausura\/","title":{"rendered":"Mejor noticia imposible en el Aniversario, Regatas ser\u00e1 sede del Nacional Clausura"},"content":{"rendered":"<p>(Jueves 26 de septiembre de 2019). Uno de los torneos m\u00e1s emblem\u00e1ticos de la Confederaci\u00f3n Argentina de Judo tendr\u00e1 lugar en el Club de Regatas Corrientes, en el estadio \u201cJos\u00e9 Jorge Contte\u201d. Se trata del Campeonato Nacional Clausura 2019, que se llevar\u00e1 a cabo del 10 al 13 de octubre pr\u00f3ximo.<\/p>\n<p><!--more--><\/p>\n<p><img loading=\"lazy\" decoding=\"async\" class=\"alignleft size-medium wp-image-22264\" src=\"https:\/\/crc.org.ar\/w\/wp-content\/uploads\/2019\/09\/juedo-en-ctes-300x162.jpg\" alt=\"\" width=\"300\" height=\"162\" srcset=\"https:\/\/crc.org.ar\/w\/wp-content\/uploads\/2019\/09\/juedo-en-ctes-300x162.jpg 300w, https:\/\/crc.org.ar\/w\/wp-content\/uploads\/2019\/09\/juedo-en-ctes-768x416.jpg 768w, https:\/\/crc.org.ar\/w\/wp-content\/uploads\/2019\/09\/juedo-en-ctes.jpg 800w\" sizes=\"(max-width: 300px) 100vw, 300px\" \/>Con la noticia de que el Campeonato Nacional Clausura de Judo, se llevar\u00e1 a cabo en el estadio \u201cJos\u00e9 Jorge Contte\u201d, del 10 al 13 de octubre pr\u00f3ximo, el Club de Regatas Corrientes recibir\u00e1 este viernes su cumplea\u00f1os 96.<\/p>\n<p>La emblem\u00e1tica competencia de la Confederaci\u00f3n Argentina de Judo (CAJ) ser\u00e1 organizada por la Federaci\u00f3n Correntina de Judo, con el apoyo del Gobierno de la Provincia y la log\u00edstica del club anfitri\u00f3n.<\/p>\n<p>Una noticia m\u00e1s que importante ya que el mejor judo del pa\u00eds estar\u00e1 en la ciudad de Corrientes con los mejores exponentes a nivel nacional e internacional, incluida la formidable medallista ol\u00edmpica <strong>Paula Pareto.<\/strong><\/p>\n<p>Adem\u00e1s en esos d\u00edas, 10 al 13 de octubre, la Provincia, la Ciudad y Regatas no s\u00f3lo ser\u00e1n atracci\u00f3n por el Judo Nacional, ya que tambi\u00e9n la televisi\u00f3n p\u00fablica har\u00e1 un importante aporte para mostrar las bondades de la competencia y Corrientes.<\/p>\n<p>&nbsp;<\/p>\n<p>&nbsp;<\/p>\n","protected":false},"excerpt":{"rendered":"<p>(Jueves 26 de septiembre de 2019). Uno de los torneos m\u00e1s emblem\u00e1ticos de la Confederaci\u00f3n Argentina de Judo tendr\u00e1 lugar en el Club de Regatas Corrientes, en el estadio \u201cJos\u00e9 Jorge Contte\u201d. Se trata del Campeonato Nacional Clausura 2019, que se llevar\u00e1 a cabo del 10 al 13 de octubre pr\u00f3ximo. Con la noticia de &hellip;<\/p>\n","protected":false},"author":1,"featured_media":22264,"comment_status":"closed","ping_status":"closed","sticky":false,"template":"","format":"standard","meta":{"footnotes":""},"categories":[17,156],"tags":[],"_links":{"self":[{"href":"https:\/\/crc.org.ar\/w\/wp-json\/wp\/v2\/posts\/22263"}],"collection":[{"href":"https:\/\/crc.org.ar\/w\/wp-json\/wp\/v2\/posts"}],"about":[{"href":"https:\/\/crc.org.ar\/w\/wp-json\/wp\/v2\/types\/post"}],"author":[{"embeddable":true,"href":"https:\/\/crc.org.ar\/w\/wp-json\/wp\/v2\/users\/1"}],"replies":[{"embeddable":true,"href":"https:\/\/crc.org.ar\/w\/wp-json\/wp\/v2\/comments?post=22263"}],"version-history":[{"count":1,"href":"https:\/\/crc.org.ar\/w\/wp-json\/wp\/v2\/posts\/22263\/revisions"}],"predecessor-version":[{"id":22265,"href":"https:\/\/crc.org.ar\/w\/wp-json\/wp\/v2\/posts\/22263\/revisions\/22265"}],"wp:featuredmedia":[{"embeddable":true,"href":"https:\/\/crc.org.ar\/w\/wp-json\/wp\/v2\/media\/22264"}],"wp:attachment":[{"href":"https:\/\/crc.org.ar\/w\/wp-json\/wp\/v2\/media?parent=22263"}],"wp:term":[{"taxonomy":"category","embeddable":true,"href":"https:\/\/crc.org.ar\/w\/wp-json\/wp\/v2\/categories?post=22263"},{"taxonomy":"post_tag","embeddable":true,"href":"https:\/\/crc.org.ar\/w\/wp-json\/wp\/v2\/tags?post=22263"}],"curies":[{"name":"wp","href":"https:\/\/api.w.org\/{rel}","templated":true}]}}