{"id":22327,"date":"2019-09-27T15:57:11","date_gmt":"2019-09-27T18:57:11","guid":{"rendered":"https:\/\/crc.org.ar\/w\/?p=22327"},"modified":"2019-09-28T15:58:43","modified_gmt":"2019-09-28T18:58:43","slug":"con-el-torneo-de-remoergometro-arranca-el-programa-96-anos-desafiando-al-parana","status":"publish","type":"post","link":"https:\/\/crc.org.ar\/w\/con-el-torneo-de-remoergometro-arranca-el-programa-96-anos-desafiando-al-parana\/","title":{"rendered":"Con el torneo de remoerg\u00f3metro, arranca el programa \u201c96 a\u00f1os desafiando al Paran\u00e1\u201d"},"content":{"rendered":"<p>(Viernes 27 de septiembre de 2019). Este s\u00e1bado dar\u00e1 inicio el programa &#8220;96 a\u00f1os desafiando al Paran\u00e1&#8221;, con el torneo de remoerg\u00f3metro. La actividad se llevar\u00e1 a cabo en el play\u00f3n deportivo II del Club de Regatas Corrientes, a partir de las 15 horas.<\/p>\n<p><!--more--><\/p>\n<p><img loading=\"lazy\" decoding=\"async\" class=\"alignright size-medium wp-image-22328\" src=\"https:\/\/crc.org.ar\/w\/wp-content\/uploads\/2019\/09\/regatas2-1-300x177.jpeg\" alt=\"\" width=\"300\" height=\"177\" srcset=\"https:\/\/crc.org.ar\/w\/wp-content\/uploads\/2019\/09\/regatas2-1-300x177.jpeg 300w, https:\/\/crc.org.ar\/w\/wp-content\/uploads\/2019\/09\/regatas2-1-768x453.jpeg 768w, https:\/\/crc.org.ar\/w\/wp-content\/uploads\/2019\/09\/regatas2-1-1024x604.jpeg 1024w, https:\/\/crc.org.ar\/w\/wp-content\/uploads\/2019\/09\/regatas2-1.jpeg 1303w\" sizes=\"(max-width: 300px) 100vw, 300px\" \/>Con marcada expectativa el remo del Club de Regatas Corrientes iniciar\u00e1 este s\u00e1bado un fin de semana a pleno con el programa \u201c96 a\u00f1os desafiando al Paran\u00e1\u201d, adhiri\u00e9ndose a los festejos por un a\u00f1o m\u00e1s de vida de la instituci\u00f3n regatense.<\/p>\n<p>La actividad arrancar\u00e1 con el torneo de remoerg\u00f3metro, este s\u00e1bado a las 15 horas en el play\u00f3n deportivo II de la instituci\u00f3n, y estar\u00e1 reservada para las categor\u00edas Peso Ligero (hombres hasta 72 kilos y mujeres hasta 58), Peso Libre (abierto a todas las categor\u00edas), y por equipo mixtos (de 5 a 10 integrantes).<\/p>\n<p>En cuanto a las distancias, teniendo en cuenta las categor\u00edas, la competencia ser\u00e1 de: 300 metros Sub 12 (femenino y masculino), 1.000 metros Peso Libre (femenino y masculino), y 750 metros Sub 16 (femenino y masculino).<\/p>\n<p>Mil (1.000) metros categor\u00eda Libre (femenino y masculino), 1.000 metros Sub 18 (femenino y masculino), 500 metros Sub 14 (femenino y masculino), y 5.000 metros por equipos (mixto).<\/p>\n<p><strong>EL DOMINGO<\/strong><\/p>\n<p>Recordemos que el programa continuar\u00e1 el domingo, con la regata Aniversario, una competencia que se llevar\u00e1 a cabo frente al Club de Regatas Corrientes, a partir de las 10 horas, y contar\u00e1 con los clubes Sajonia de Paraguay y N\u00e1utico Corrientes, adem\u00e1s del anfitri\u00f3n.<\/p>\n","protected":false},"excerpt":{"rendered":"<p>(Viernes 27 de septiembre de 2019). Este s\u00e1bado dar\u00e1 inicio el programa &#8220;96 a\u00f1os desafiando al Paran\u00e1&#8221;, con el torneo de remoerg\u00f3metro. La actividad se llevar\u00e1 a cabo en el play\u00f3n deportivo II del Club de Regatas Corrientes, a partir de las 15 horas. Con marcada expectativa el remo del Club de Regatas Corrientes iniciar\u00e1 &hellip;<\/p>\n","protected":false},"author":1,"featured_media":22328,"comment_status":"closed","ping_status":"closed","sticky":false,"template":"","format":"standard","meta":{"footnotes":""},"categories":[18],"tags":[],"_links":{"self":[{"href":"https:\/\/crc.org.ar\/w\/wp-json\/wp\/v2\/posts\/22327"}],"collection":[{"href":"https:\/\/crc.org.ar\/w\/wp-json\/wp\/v2\/posts"}],"about":[{"href":"https:\/\/crc.org.ar\/w\/wp-json\/wp\/v2\/types\/post"}],"author":[{"embeddable":true,"href":"https:\/\/crc.org.ar\/w\/wp-json\/wp\/v2\/users\/1"}],"replies":[{"embeddable":true,"href":"https:\/\/crc.org.ar\/w\/wp-json\/wp\/v2\/comments?post=22327"}],"version-history":[{"count":1,"href":"https:\/\/crc.org.ar\/w\/wp-json\/wp\/v2\/posts\/22327\/revisions"}],"predecessor-version":[{"id":22329,"href":"https:\/\/crc.org.ar\/w\/wp-json\/wp\/v2\/posts\/22327\/revisions\/22329"}],"wp:featuredmedia":[{"embeddable":true,"href":"https:\/\/crc.org.ar\/w\/wp-json\/wp\/v2\/media\/22328"}],"wp:attachment":[{"href":"https:\/\/crc.org.ar\/w\/wp-json\/wp\/v2\/media?parent=22327"}],"wp:term":[{"taxonomy":"category","embeddable":true,"href":"https:\/\/crc.org.ar\/w\/wp-json\/wp\/v2\/categories?post=22327"},{"taxonomy":"post_tag","embeddable":true,"href":"https:\/\/crc.org.ar\/w\/wp-json\/wp\/v2\/tags?post=22327"}],"curies":[{"name":"wp","href":"https:\/\/api.w.org\/{rel}","templated":true}]}}