{"id":22335,"date":"2019-09-28T15:31:50","date_gmt":"2019-09-28T18:31:50","guid":{"rendered":"https:\/\/crc.org.ar\/w\/?p=22335"},"modified":"2019-09-28T16:07:21","modified_gmt":"2019-09-28T19:07:21","slug":"se-corre-la-regata-96-anos-desafiando-el-parana","status":"publish","type":"post","link":"https:\/\/crc.org.ar\/w\/se-corre-la-regata-96-anos-desafiando-el-parana\/","title":{"rendered":"Se corre la regata &#8220;96 a\u00f1os  desafiando el Paran\u00e1&#8221;"},"content":{"rendered":"<p>(S\u00e1bado 28 de septiembre de 2019). El Programa &#8220;96 a\u00f1os desafiando al Paran\u00e1&#8221; llegar\u00e1 este domingo a su fin cuando se lleve a cabo la regata Aniversario de remo, con la presencia del Club Deportivo Puerto Sajonia de Asunci\u00f3n del Paraguay.<\/p>\n<p><!--more--><\/p>\n<p><img loading=\"lazy\" decoding=\"async\" class=\"alignright size-medium wp-image-22336\" src=\"https:\/\/crc.org.ar\/w\/wp-content\/uploads\/2019\/09\/remo1-1-300x149.jpeg\" alt=\"\" width=\"300\" height=\"149\" srcset=\"https:\/\/crc.org.ar\/w\/wp-content\/uploads\/2019\/09\/remo1-1-300x149.jpeg 300w, https:\/\/crc.org.ar\/w\/wp-content\/uploads\/2019\/09\/remo1-1-768x380.jpeg 768w, https:\/\/crc.org.ar\/w\/wp-content\/uploads\/2019\/09\/remo1-1-660x330.jpeg 660w, https:\/\/crc.org.ar\/w\/wp-content\/uploads\/2019\/09\/remo1-1.jpeg 800w\" sizes=\"(max-width: 300px) 100vw, 300px\" \/>Este domingo en la playa del Club de Regatas Corrientes se estar\u00e1 llevando a cabo la regata Aniversario de remo en el marco del programa \u201c96 a\u00f1os desafiando al Paran\u00e1\u201d para festejar los 96 a\u00f1os de vida de la instituci\u00f3n del parque Mitre.<\/p>\n<p>La competencia arrancar\u00e1 a las 10 horas en la instituci\u00f3n regatense, por lo que la concentraci\u00f3n de los competidores ser\u00e1 a las 9 horas, para ultimar detalles log\u00edsticos de la competencia.<\/p>\n<p><img loading=\"lazy\" decoding=\"async\" class=\"alignleft size-medium wp-image-22337\" src=\"https:\/\/crc.org.ar\/w\/wp-content\/uploads\/2019\/09\/remo4-1-300x206.jpeg\" alt=\"\" width=\"300\" height=\"206\" srcset=\"https:\/\/crc.org.ar\/w\/wp-content\/uploads\/2019\/09\/remo4-1-300x206.jpeg 300w, https:\/\/crc.org.ar\/w\/wp-content\/uploads\/2019\/09\/remo4-1-768x528.jpeg 768w, https:\/\/crc.org.ar\/w\/wp-content\/uploads\/2019\/09\/remo4-1-110x75.jpeg 110w, https:\/\/crc.org.ar\/w\/wp-content\/uploads\/2019\/09\/remo4-1.jpeg 800w\" sizes=\"(max-width: 300px) 100vw, 300px\" \/>De la competencia ser\u00e1 de la partida el Club Deportivo Puerto Sajonia de Asunci\u00f3n del Paraguay, confirmando los lazos de amistad entre las instituciones de Argentina y Paraguay.<\/p>\n<p>El coordinador y entrenador de remo del Club de Regatas Corrientes, <strong>Harris Gonz\u00e1lez Escobar<\/strong>, se mostr\u00f3 muy contento con la propuesta, que recordemos arranc\u00f3 este s\u00e1bado con la competencia de remoerg\u00f3metro.<\/p>\n","protected":false},"excerpt":{"rendered":"<p>(S\u00e1bado 28 de septiembre de 2019). El Programa &#8220;96 a\u00f1os desafiando al Paran\u00e1&#8221; llegar\u00e1 este domingo a su fin cuando se lleve a cabo la regata Aniversario de remo, con la presencia del Club Deportivo Puerto Sajonia de Asunci\u00f3n del Paraguay. Este domingo en la playa del Club de Regatas Corrientes se estar\u00e1 llevando a &hellip;<\/p>\n","protected":false},"author":1,"featured_media":22337,"comment_status":"closed","ping_status":"closed","sticky":false,"template":"","format":"standard","meta":{"footnotes":""},"categories":[156,18],"tags":[],"_links":{"self":[{"href":"https:\/\/crc.org.ar\/w\/wp-json\/wp\/v2\/posts\/22335"}],"collection":[{"href":"https:\/\/crc.org.ar\/w\/wp-json\/wp\/v2\/posts"}],"about":[{"href":"https:\/\/crc.org.ar\/w\/wp-json\/wp\/v2\/types\/post"}],"author":[{"embeddable":true,"href":"https:\/\/crc.org.ar\/w\/wp-json\/wp\/v2\/users\/1"}],"replies":[{"embeddable":true,"href":"https:\/\/crc.org.ar\/w\/wp-json\/wp\/v2\/comments?post=22335"}],"version-history":[{"count":1,"href":"https:\/\/crc.org.ar\/w\/wp-json\/wp\/v2\/posts\/22335\/revisions"}],"predecessor-version":[{"id":22338,"href":"https:\/\/crc.org.ar\/w\/wp-json\/wp\/v2\/posts\/22335\/revisions\/22338"}],"wp:featuredmedia":[{"embeddable":true,"href":"https:\/\/crc.org.ar\/w\/wp-json\/wp\/v2\/media\/22337"}],"wp:attachment":[{"href":"https:\/\/crc.org.ar\/w\/wp-json\/wp\/v2\/media?parent=22335"}],"wp:term":[{"taxonomy":"category","embeddable":true,"href":"https:\/\/crc.org.ar\/w\/wp-json\/wp\/v2\/categories?post=22335"},{"taxonomy":"post_tag","embeddable":true,"href":"https:\/\/crc.org.ar\/w\/wp-json\/wp\/v2\/tags?post=22335"}],"curies":[{"name":"wp","href":"https:\/\/api.w.org\/{rel}","templated":true}]}}