{"id":22406,"date":"2019-10-01T16:10:12","date_gmt":"2019-10-01T19:10:12","guid":{"rendered":"https:\/\/crc.org.ar\/w\/?p=22406"},"modified":"2019-10-01T16:32:43","modified_gmt":"2019-10-01T19:32:43","slug":"regatas-visita-al-ultimo-campeon","status":"publish","type":"post","link":"https:\/\/crc.org.ar\/w\/regatas-visita-al-ultimo-campeon\/","title":{"rendered":"Regatas visita al \u00faltimo campe\u00f3n"},"content":{"rendered":"<p>(Martes 1 de octubre de 2019). Este mi\u00e9rcoles por la noche, Regatas Corrientes, actual puntero, visitar\u00e1 al \u00faltimo campe\u00f3n del Torneo Oficial de la ABCC, al club Col\u00f3n, por la octava fecha de dicho certamen.<\/p>\n<p><!--more--><\/p>\n<p><img loading=\"lazy\" decoding=\"async\" class=\"alignleft size-medium wp-image-22407\" src=\"https:\/\/crc.org.ar\/w\/wp-content\/uploads\/2019\/10\/CRC-300x183.jpeg\" alt=\"\" width=\"300\" height=\"183\" srcset=\"https:\/\/crc.org.ar\/w\/wp-content\/uploads\/2019\/10\/CRC-300x183.jpeg 300w, https:\/\/crc.org.ar\/w\/wp-content\/uploads\/2019\/10\/CRC.jpeg 640w\" sizes=\"(max-width: 300px) 100vw, 300px\" \/>Este mi\u00e9rcoles, en cancha del club Col\u00f3n, Regatas Corrientes y el local dar\u00e1n vida al encuentro m\u00e1s atractivo de la octava fecha del Torneo Oficial de Primera Divisi\u00f3n de la Asociaci\u00f3n de B\u00e1squet de la Ciudad de Corrientes (ABCC).<\/p>\n<p>El duelo que enfrentar\u00e1 al \u00faltimo campe\u00f3n del Oficial y la Copa Palacio, Col\u00f3n, y al actual puntero del certamen, Regatas, dar\u00e1 inicio a 22:15 horas; luego que finalice el juego entre San Mart\u00edn y El Tala (21).<\/p>\n<p>El equipo del entrenador cordob\u00e9s<strong> Juan Pablo Mascar\u00f3<\/strong> viene de un duro traspi\u00e9 frente a Alvear, lo que signific\u00f3 su primera ca\u00edda en el torneo tras haber ganado sus 5 primeros compromisos.<\/p>\n<p>Por su parte, los dirigidos de Carlos Villalba, hab\u00edan postergado sus dos primeros juegos por tener jugadores en la selecci\u00f3n correntina participando en el Argentino. Luego, comenzaron de buena forma gan\u00e1ndole a Arroyito y a C\u00f3rdoba, pero en la quinta fecha cayeron con Alvear. Despu\u00e9s del traspi\u00e9, los de calle Catamarca, volvieron a la senda de la victoria frente a San Mart\u00edn y a El Tala.<\/p>\n<p>Con los resultados, el \u201cremero\u201d llega al cruce con 11 puntos, producto de 5 victorias y solo una derrota. Mientras que Col\u00f3n, llega con 9 puntos, de 4 victorias y una derrota. Recordemos que deben el cruce entre si de la primera fecha, y adem\u00e1s, los \u201cvioletas\u201d deben su juego contra Juventus.<\/p>\n<p>Por otro lado, un aspecto positivo para los \u201cfantasmas\u201d, es la vuelta de Gast\u00f3n Turraca, quien fue suspendido por 4 fechas tras su expulsi\u00f3n en el duelo de la tercera jornada frente a San Mart\u00edn.<\/p>\n<p>As\u00ed, el mi\u00e9rcoles a las 22:15 aproximadamente, en cancha del club Col\u00f3n, hay promesa de partidazo entre dos de los equipos que por ahora vienen m\u00e1s fuertes en la competencia, y que de a poco se acomodan como candidatos al t\u00edtulo.<\/p>\n","protected":false},"excerpt":{"rendered":"<p>(Martes 1 de octubre de 2019). Este mi\u00e9rcoles por la noche, Regatas Corrientes, actual puntero, visitar\u00e1 al \u00faltimo campe\u00f3n del Torneo Oficial de la ABCC, al club Col\u00f3n, por la octava fecha de dicho certamen. Este mi\u00e9rcoles, en cancha del club Col\u00f3n, Regatas Corrientes y el local dar\u00e1n vida al encuentro m\u00e1s atractivo de la &hellip;<\/p>\n","protected":false},"author":1,"featured_media":22408,"comment_status":"closed","ping_status":"closed","sticky":false,"template":"","format":"standard","meta":{"footnotes":""},"categories":[80,156],"tags":[],"_links":{"self":[{"href":"https:\/\/crc.org.ar\/w\/wp-json\/wp\/v2\/posts\/22406"}],"collection":[{"href":"https:\/\/crc.org.ar\/w\/wp-json\/wp\/v2\/posts"}],"about":[{"href":"https:\/\/crc.org.ar\/w\/wp-json\/wp\/v2\/types\/post"}],"author":[{"embeddable":true,"href":"https:\/\/crc.org.ar\/w\/wp-json\/wp\/v2\/users\/1"}],"replies":[{"embeddable":true,"href":"https:\/\/crc.org.ar\/w\/wp-json\/wp\/v2\/comments?post=22406"}],"version-history":[{"count":1,"href":"https:\/\/crc.org.ar\/w\/wp-json\/wp\/v2\/posts\/22406\/revisions"}],"predecessor-version":[{"id":22409,"href":"https:\/\/crc.org.ar\/w\/wp-json\/wp\/v2\/posts\/22406\/revisions\/22409"}],"wp:featuredmedia":[{"embeddable":true,"href":"https:\/\/crc.org.ar\/w\/wp-json\/wp\/v2\/media\/22408"}],"wp:attachment":[{"href":"https:\/\/crc.org.ar\/w\/wp-json\/wp\/v2\/media?parent=22406"}],"wp:term":[{"taxonomy":"category","embeddable":true,"href":"https:\/\/crc.org.ar\/w\/wp-json\/wp\/v2\/categories?post=22406"},{"taxonomy":"post_tag","embeddable":true,"href":"https:\/\/crc.org.ar\/w\/wp-json\/wp\/v2\/tags?post=22406"}],"curies":[{"name":"wp","href":"https:\/\/api.w.org\/{rel}","templated":true}]}}