{"id":22502,"date":"2019-10-04T17:57:08","date_gmt":"2019-10-04T20:57:08","guid":{"rendered":"https:\/\/crc.org.ar\/w\/?p=22502"},"modified":"2019-10-04T17:57:08","modified_gmt":"2019-10-04T20:57:08","slug":"fernan-vilte-bosch-gano-la-segunda-fecha-del-torneo-regatense","status":"publish","type":"post","link":"https:\/\/crc.org.ar\/w\/fernan-vilte-bosch-gano-la-segunda-fecha-del-torneo-regatense\/","title":{"rendered":"Fern\u00e1n Vilte Bosch gan\u00f3 la segunda  fecha del torneo regatense"},"content":{"rendered":"<p>(Viernes 4 de octubre 2019). <strong>Fern\u00e1n Vilte Bosch<\/strong>, en la categor\u00eda Primera, se qued\u00f3 con la segunda fecha del Torneo de tenis mesa del Club de Regatas Corrientes. Entre las Damas, <strong>D\u00e9bora Romero<\/strong> repiti\u00f3 el lauro.<\/p>\n<p><!--more--><\/p>\n<p>La subcomisi\u00f3n de tenis de mesa del Club de Regatas Corrientes organiz\u00f3, el \u00faltimo fin de semana, la segunda fecha del torneo regatense, que en la m\u00e1xima categor\u00eda, Primera, qued\u00f3 en manos de <strong>Fern\u00e1n Vilte Bosch.<\/strong><\/p>\n<p>En la final, <strong>Fern\u00e1n Vilte Bosch<\/strong> derrot\u00f3 a <strong>Federico Gallardo<\/strong>, que en la primera fecha se hab\u00eda quedado con la categor\u00eda. En tanto en Damas, <strong>D\u00e9bora Romero<\/strong> repiti\u00f3 el lauro conseguida en el debut.<\/p>\n<div id='gallery-1' class='gallery galleryid-22502 gallery-columns-7 gallery-size-thumbnail'><figure class='gallery-item'>\n\t\t\t<div class='gallery-icon landscape'>\n\t\t\t\t<a href='https:\/\/crc.org.ar\/w\/wp-content\/uploads\/2019\/10\/damas.jpeg'><img loading=\"lazy\" decoding=\"async\" width=\"150\" height=\"150\" src=\"https:\/\/crc.org.ar\/w\/wp-content\/uploads\/2019\/10\/damas-150x150.jpeg\" class=\"attachment-thumbnail size-thumbnail\" alt=\"\" \/><\/a>\n\t\t\t<\/div><\/figure><figure class='gallery-item'>\n\t\t\t<div class='gallery-icon landscape'>\n\t\t\t\t<a href='https:\/\/crc.org.ar\/w\/wp-content\/uploads\/2019\/10\/partidipantes.jpeg'><img loading=\"lazy\" decoding=\"async\" width=\"150\" height=\"150\" src=\"https:\/\/crc.org.ar\/w\/wp-content\/uploads\/2019\/10\/partidipantes-150x150.jpeg\" class=\"attachment-thumbnail size-thumbnail\" alt=\"\" \/><\/a>\n\t\t\t<\/div><\/figure><figure class='gallery-item'>\n\t\t\t<div class='gallery-icon portrait'>\n\t\t\t\t<a href='https:\/\/crc.org.ar\/w\/wp-content\/uploads\/2019\/10\/primera.jpeg'><img loading=\"lazy\" decoding=\"async\" width=\"150\" height=\"150\" src=\"https:\/\/crc.org.ar\/w\/wp-content\/uploads\/2019\/10\/primera-150x150.jpeg\" class=\"attachment-thumbnail size-thumbnail\" alt=\"\" \/><\/a>\n\t\t\t<\/div><\/figure><figure class='gallery-item'>\n\t\t\t<div class='gallery-icon landscape'>\n\t\t\t\t<a href='https:\/\/crc.org.ar\/w\/wp-content\/uploads\/2019\/10\/promocionales.jpeg'><img loading=\"lazy\" decoding=\"async\" width=\"150\" height=\"150\" src=\"https:\/\/crc.org.ar\/w\/wp-content\/uploads\/2019\/10\/promocionales-150x150.jpeg\" class=\"attachment-thumbnail size-thumbnail\" alt=\"\" \/><\/a>\n\t\t\t<\/div><\/figure><figure class='gallery-item'>\n\t\t\t<div class='gallery-icon landscape'>\n\t\t\t\t<a href='https:\/\/crc.org.ar\/w\/wp-content\/uploads\/2019\/10\/tdm.jpeg'><img loading=\"lazy\" decoding=\"async\" width=\"150\" height=\"150\" src=\"https:\/\/crc.org.ar\/w\/wp-content\/uploads\/2019\/10\/tdm-150x150.jpeg\" class=\"attachment-thumbnail size-thumbnail\" alt=\"\" \/><\/a>\n\t\t\t<\/div><\/figure><figure class='gallery-item'>\n\t\t\t<div class='gallery-icon landscape'>\n\t\t\t\t<a href='https:\/\/crc.org.ar\/w\/wp-content\/uploads\/2019\/10\/tdm1.jpeg'><img loading=\"lazy\" decoding=\"async\" width=\"150\" height=\"150\" src=\"https:\/\/crc.org.ar\/w\/wp-content\/uploads\/2019\/10\/tdm1-150x150.jpeg\" class=\"attachment-thumbnail size-thumbnail\" alt=\"\" \/><\/a>\n\t\t\t<\/div><\/figure><figure class='gallery-item'>\n\t\t\t<div class='gallery-icon portrait'>\n\t\t\t\t<a href='https:\/\/crc.org.ar\/w\/wp-content\/uploads\/2019\/10\/tdm2.jpeg'><img loading=\"lazy\" decoding=\"async\" width=\"150\" height=\"150\" src=\"https:\/\/crc.org.ar\/w\/wp-content\/uploads\/2019\/10\/tdm2-150x150.jpeg\" class=\"attachment-thumbnail size-thumbnail\" alt=\"\" \/><\/a>\n\t\t\t<\/div><\/figure>\n\t\t<\/div>\n\n<p>En la categor\u00eda Segunda, en tanto, el ganador fue <strong>Ricardo Fidanza<\/strong> que en la final super\u00f3 a <strong>Enzo Camola<\/strong>, tom\u00e1ndose revancha de la primera fecha de la competencia. Mientras que en la categor\u00eda Tercera el ganador volvi\u00f3 a ser <strong>Hugo Feltan.<\/strong><\/p>\n<p>Por \u00faltimo, en las categor\u00edas Promocionales los ganadores fueron <strong>Silvia Dostal<\/strong> en Mayores y <strong>Santiago Romero<\/strong> en\u00a0 Menores; cerrando un fin de semana espectacular en el Sal\u00f3n de Usos M\u00faltiples (SUM) del Club.<\/p>\n<p><strong>TODAS LAS<br \/>\n<\/strong><strong>CATEGORIAS<br \/>\n<\/strong><strong>Primera<\/strong>: 1- Fern\u00e1n Vilte Bosch, 2- Federico Gallardo, y 3- Enzo Camola y Mat\u00edas Vilte Bosch.<\/p>\n<p><strong>Segunda<\/strong>: 1- Ricardo Fidanza, 2- Enzo Camola, y 3- Diego Breard y Agust\u00edn Rabad\u00e1n.<\/p>\n<p><strong>Tercera<\/strong>: 1- Hugo Feltan, 2- Joaqu\u00edn Jaluf, y 3- Guillermo Denis y Mat\u00edas M\u00e9ndez.<\/p>\n<p><strong>Damas<\/strong>: 1- D\u00e9bora Romero, 2- Silvina Echeverr\u00eda, y 3- Flavia Dusset, y Mirian Giardinieri.<\/p>\n<p><strong>Promocionales Menores:<\/strong> 1- Santiago Romero, 2- Emanuel Gonz\u00e1lez, y 3- Maika Suaznabar.<\/p>\n<p><strong>Promocionales Mayores:<\/strong> 1- Silvia Dostal, 2- Mayra Avalos, y 3- Agustina Zeniquel.<\/p>\n","protected":false},"excerpt":{"rendered":"<p>(Viernes 4 de octubre 2019). Fern\u00e1n Vilte Bosch, en la categor\u00eda Primera, se qued\u00f3 con la segunda fecha del Torneo de tenis mesa del Club de Regatas Corrientes. Entre las Damas, D\u00e9bora Romero repiti\u00f3 el lauro. La subcomisi\u00f3n de tenis de mesa del Club de Regatas Corrientes organiz\u00f3, el \u00faltimo fin de semana, la segunda &hellip;<\/p>\n","protected":false},"author":1,"featured_media":22509,"comment_status":"closed","ping_status":"closed","sticky":false,"template":"","format":"standard","meta":{"footnotes":""},"categories":[156,13],"tags":[],"_links":{"self":[{"href":"https:\/\/crc.org.ar\/w\/wp-json\/wp\/v2\/posts\/22502"}],"collection":[{"href":"https:\/\/crc.org.ar\/w\/wp-json\/wp\/v2\/posts"}],"about":[{"href":"https:\/\/crc.org.ar\/w\/wp-json\/wp\/v2\/types\/post"}],"author":[{"embeddable":true,"href":"https:\/\/crc.org.ar\/w\/wp-json\/wp\/v2\/users\/1"}],"replies":[{"embeddable":true,"href":"https:\/\/crc.org.ar\/w\/wp-json\/wp\/v2\/comments?post=22502"}],"version-history":[{"count":1,"href":"https:\/\/crc.org.ar\/w\/wp-json\/wp\/v2\/posts\/22502\/revisions"}],"predecessor-version":[{"id":22510,"href":"https:\/\/crc.org.ar\/w\/wp-json\/wp\/v2\/posts\/22502\/revisions\/22510"}],"wp:featuredmedia":[{"embeddable":true,"href":"https:\/\/crc.org.ar\/w\/wp-json\/wp\/v2\/media\/22509"}],"wp:attachment":[{"href":"https:\/\/crc.org.ar\/w\/wp-json\/wp\/v2\/media?parent=22502"}],"wp:term":[{"taxonomy":"category","embeddable":true,"href":"https:\/\/crc.org.ar\/w\/wp-json\/wp\/v2\/categories?post=22502"},{"taxonomy":"post_tag","embeddable":true,"href":"https:\/\/crc.org.ar\/w\/wp-json\/wp\/v2\/tags?post=22502"}],"curies":[{"name":"wp","href":"https:\/\/api.w.org\/{rel}","templated":true}]}}