{"id":22535,"date":"2019-10-06T22:05:55","date_gmt":"2019-10-07T01:05:55","guid":{"rendered":"https:\/\/crc.org.ar\/w\/?p=22535"},"modified":"2019-10-06T23:03:55","modified_gmt":"2019-10-07T02:03:55","slug":"regatas-buscara-cortar-la-mala-racha-frente-a-el-tala","status":"publish","type":"post","link":"https:\/\/crc.org.ar\/w\/regatas-buscara-cortar-la-mala-racha-frente-a-el-tala\/","title":{"rendered":"Regatas buscar\u00e1 cortar la  mala racha frente a El Tala"},"content":{"rendered":"<p>(domingo 6 de octubre de 2019) El lunes por la noche, Regatas Corrientes recibir\u00e1 a El Tala buscando salir de la senda de la derrota, tras las ca\u00eddas con Alvear y con Col\u00f3n. El duelo ser\u00e1 por la novena fecha del Torneo Oficial de la ABCC.<\/p>\n<p><!--more--><\/p>\n<p><img loading=\"lazy\" decoding=\"async\" class=\"alignright size-medium wp-image-22536\" src=\"https:\/\/crc.org.ar\/w\/wp-content\/uploads\/2019\/10\/Zalazar-1-297x300.jpeg\" alt=\"\" width=\"297\" height=\"300\" srcset=\"https:\/\/crc.org.ar\/w\/wp-content\/uploads\/2019\/10\/Zalazar-1-297x300.jpeg 297w, https:\/\/crc.org.ar\/w\/wp-content\/uploads\/2019\/10\/Zalazar-1-768x775.jpeg 768w, https:\/\/crc.org.ar\/w\/wp-content\/uploads\/2019\/10\/Zalazar-1-1014x1024.jpeg 1014w, https:\/\/crc.org.ar\/w\/wp-content\/uploads\/2019\/10\/Zalazar-1.jpeg 1268w\" sizes=\"(max-width: 297px) 100vw, 297px\" \/>El lunes por la noche, en el Jos\u00e9 Jorge Contte, Regatas estar\u00e1 recibiendo a El Tala, en el adelantado de la novena fecha del Torneo Oficial de Primera Divisi\u00f3n de la Asociaci\u00f3n de B\u00e1squet de la Ciudad de Corrientes (ABCC).<\/p>\n<p>El juego, se llevar\u00e1 a cabo el lunes porque el d\u00eda mi\u00e9rcoles, d\u00eda habitual de competencia, Regatas estar\u00e1 jugando como local por el S\u00faper 20. Y est\u00e1 programado para la segunda hora, 22:15, de la noche de b\u00e1squet, que ser\u00e1 de fondo, luego del partido entre Uni\u00f3n Arroyito y Alvear.<\/p>\n<p>Los \u201cremeros\u201d buscaran cortar la peque\u00f1a mala racha de dos derrotas consecutivas, frente a Alvear y a Col\u00f3n, y volver a posicionarse como puntero del Torneo Oficial. Recordemos que hab\u00edan arrancado con una seguidilla de 5 victorias consecutivas frente a El Tala, San Mart\u00edn, Juventus, Arroyito y C\u00f3rdoba.<\/p>\n<p>Los de calle Santa Fe, por su parte vienen siendo duros rivales en todos sus compromisos, aunque les est\u00e1 costando en la estocada final. Arranc\u00f3 cayendo con Regatas, luego perdi\u00f3 por solo un punto frente a Juventus, 49 a 48.<\/p>\n<p>En el duelo de reci\u00e9n ascendidos, le gan\u00f3 a Arroyito, y luego le gan\u00f3 a C\u00f3rdoba. Con Alvear volvi\u00f3 a caer por la sexta fecha, al igual que frente a Col\u00f3n por la s\u00e9ptima. Y el d\u00eda s\u00e1bado, cay\u00f3 frente\u00a0 a San Mart\u00edn en lo que fue un partido postergado.<\/p>\n<p>En lo que es el antecedente m\u00e1s cercano, El Tala y Regatas ya se enfrentaron en la segunda fecha del Torneo Oficial, lo que fue el arranque en la competencia para ambos, ya que tuvieron suspendidos sus encuentros en la primera fecha. En aquella oportunidad el duelo fue para los \u201cfantasmas\u201d por 64 a 55.<\/p>\n","protected":false},"excerpt":{"rendered":"<p>(domingo 6 de octubre de 2019) El lunes por la noche, Regatas Corrientes recibir\u00e1 a El Tala buscando salir de la senda de la derrota, tras las ca\u00eddas con Alvear y con Col\u00f3n. El duelo ser\u00e1 por la novena fecha del Torneo Oficial de la ABCC. El lunes por la noche, en el Jos\u00e9 Jorge &hellip;<\/p>\n","protected":false},"author":1,"featured_media":22537,"comment_status":"closed","ping_status":"closed","sticky":false,"template":"","format":"standard","meta":{"footnotes":""},"categories":[80,156],"tags":[],"_links":{"self":[{"href":"https:\/\/crc.org.ar\/w\/wp-json\/wp\/v2\/posts\/22535"}],"collection":[{"href":"https:\/\/crc.org.ar\/w\/wp-json\/wp\/v2\/posts"}],"about":[{"href":"https:\/\/crc.org.ar\/w\/wp-json\/wp\/v2\/types\/post"}],"author":[{"embeddable":true,"href":"https:\/\/crc.org.ar\/w\/wp-json\/wp\/v2\/users\/1"}],"replies":[{"embeddable":true,"href":"https:\/\/crc.org.ar\/w\/wp-json\/wp\/v2\/comments?post=22535"}],"version-history":[{"count":1,"href":"https:\/\/crc.org.ar\/w\/wp-json\/wp\/v2\/posts\/22535\/revisions"}],"predecessor-version":[{"id":22538,"href":"https:\/\/crc.org.ar\/w\/wp-json\/wp\/v2\/posts\/22535\/revisions\/22538"}],"wp:featuredmedia":[{"embeddable":true,"href":"https:\/\/crc.org.ar\/w\/wp-json\/wp\/v2\/media\/22537"}],"wp:attachment":[{"href":"https:\/\/crc.org.ar\/w\/wp-json\/wp\/v2\/media?parent=22535"}],"wp:term":[{"taxonomy":"category","embeddable":true,"href":"https:\/\/crc.org.ar\/w\/wp-json\/wp\/v2\/categories?post=22535"},{"taxonomy":"post_tag","embeddable":true,"href":"https:\/\/crc.org.ar\/w\/wp-json\/wp\/v2\/tags?post=22535"}],"curies":[{"name":"wp","href":"https:\/\/api.w.org\/{rel}","templated":true}]}}