{"id":22539,"date":"2019-10-07T16:59:58","date_gmt":"2019-10-07T19:59:58","guid":{"rendered":"https:\/\/crc.org.ar\/w\/?p=22539"},"modified":"2019-10-07T16:59:58","modified_gmt":"2019-10-07T19:59:58","slug":"en-el-nacional-clausura-en-regatas-habra-competencia-por-equipo-mixto","status":"publish","type":"post","link":"https:\/\/crc.org.ar\/w\/en-el-nacional-clausura-en-regatas-habra-competencia-por-equipo-mixto\/","title":{"rendered":"En el Nacional Clausura, en Regatas,  habr\u00e1 competencia por equipo mixto"},"content":{"rendered":"<p>(Lunes 7 de octubre de 2019). La Confederaci\u00f3n Argentina de Judo (CAJ) confirm\u00f3 que en el Campeonato Nacional Clausura, que se llevar\u00e1 a cabo desde este jueves en Regatas Corrientes, habr\u00e1 competencia por equipos mixto, in\u00e9dito en la especialidad.<\/p>\n<p><!--more--><\/p>\n<p><img loading=\"lazy\" decoding=\"async\" class=\"size-medium wp-image-22540\" src=\"https:\/\/crc.org.ar\/w\/wp-content\/uploads\/2019\/10\/judo-300x186.jpg\" alt=\"\" width=\"300\" height=\"186\" srcset=\"https:\/\/crc.org.ar\/w\/wp-content\/uploads\/2019\/10\/judo-300x186.jpg 300w, https:\/\/crc.org.ar\/w\/wp-content\/uploads\/2019\/10\/judo.jpg 640w\" sizes=\"(max-width: 300px) 100vw, 300px\" \/><\/p>\n<p>Del 10 al 13 de octubre pr\u00f3ximo se llevar\u00e1 a cabo en el Club de Regatas Corrientes, m\u00e1s precisamente en el estadio \u201cJos\u00e9 Jorge Contte\u201d, el Campeonato Nacional Clausura de Judo, organizado por la Federaci\u00f3n Correntina de Judo.<\/p>\n<p>La competencia marcar\u00e1 un hecho in\u00e9dito en este tipo de competencia, ya que la Confederaci\u00f3n Argentina de Judo (CAJ) confirm\u00f3 que se llevar\u00e1 a cabo la competencia por equipos mixto.<\/p>\n<p>Los equipos mixtos estar\u00e1n compuestos por tres (3) hombres y tres (3) mujeres, en las siguientes categor\u00edas de pesos de: &#8211; 57, &#8211; 70, y + 70 (femenino); y \u2013 73, &#8211; 90, y + 90 (masculino).<\/p>\n<p>Ser\u00e1 entonces una gran atracci\u00f3n en el Nacional Clausura, y cuya actividad se llevar\u00e1 a cabo por completo el pr\u00f3ximo viernes, un d\u00eda antes del Acto Inaugural y de la competencia individual.<\/p>\n<p>Como es tradicional, adem\u00e1s, el jueves dar\u00e1 inicio la actividad del Nacional Clausura con el arribo de las delegaciones, confirmaci\u00f3n de acreditaciones, pesaje oficial del torneo, Congresillo T\u00e9cnico, y Cl\u00ednica de Arbitraje, entre otros.<\/p>\n<p>Recordemos que en esos d\u00edas, 10 al 13 de octubre, la Provincia, la Ciudad y Regatas no s\u00f3lo ser\u00e1n atracci\u00f3n por el Judo Nacional, ya que tambi\u00e9n la televisi\u00f3n p\u00fablica har\u00e1 un importante aporte para mostrar las bondades de la competencia y de Corrientes.<\/p>\n","protected":false},"excerpt":{"rendered":"<p>(Lunes 7 de octubre de 2019). La Confederaci\u00f3n Argentina de Judo (CAJ) confirm\u00f3 que en el Campeonato Nacional Clausura, que se llevar\u00e1 a cabo desde este jueves en Regatas Corrientes, habr\u00e1 competencia por equipos mixto, in\u00e9dito en la especialidad. Del 10 al 13 de octubre pr\u00f3ximo se llevar\u00e1 a cabo en el Club de Regatas &hellip;<\/p>\n","protected":false},"author":1,"featured_media":22540,"comment_status":"closed","ping_status":"closed","sticky":false,"template":"","format":"standard","meta":{"footnotes":""},"categories":[17,156],"tags":[],"_links":{"self":[{"href":"https:\/\/crc.org.ar\/w\/wp-json\/wp\/v2\/posts\/22539"}],"collection":[{"href":"https:\/\/crc.org.ar\/w\/wp-json\/wp\/v2\/posts"}],"about":[{"href":"https:\/\/crc.org.ar\/w\/wp-json\/wp\/v2\/types\/post"}],"author":[{"embeddable":true,"href":"https:\/\/crc.org.ar\/w\/wp-json\/wp\/v2\/users\/1"}],"replies":[{"embeddable":true,"href":"https:\/\/crc.org.ar\/w\/wp-json\/wp\/v2\/comments?post=22539"}],"version-history":[{"count":1,"href":"https:\/\/crc.org.ar\/w\/wp-json\/wp\/v2\/posts\/22539\/revisions"}],"predecessor-version":[{"id":22541,"href":"https:\/\/crc.org.ar\/w\/wp-json\/wp\/v2\/posts\/22539\/revisions\/22541"}],"wp:featuredmedia":[{"embeddable":true,"href":"https:\/\/crc.org.ar\/w\/wp-json\/wp\/v2\/media\/22540"}],"wp:attachment":[{"href":"https:\/\/crc.org.ar\/w\/wp-json\/wp\/v2\/media?parent=22539"}],"wp:term":[{"taxonomy":"category","embeddable":true,"href":"https:\/\/crc.org.ar\/w\/wp-json\/wp\/v2\/categories?post=22539"},{"taxonomy":"post_tag","embeddable":true,"href":"https:\/\/crc.org.ar\/w\/wp-json\/wp\/v2\/tags?post=22539"}],"curies":[{"name":"wp","href":"https:\/\/api.w.org\/{rel}","templated":true}]}}