{"id":22605,"date":"2019-10-08T16:11:45","date_gmt":"2019-10-08T19:11:45","guid":{"rendered":"https:\/\/crc.org.ar\/w\/?p=22605"},"modified":"2019-10-08T17:13:55","modified_gmt":"2019-10-08T20:13:55","slug":"paula-pareto-llega-a-corrientes","status":"publish","type":"post","link":"https:\/\/crc.org.ar\/w\/paula-pareto-llega-a-corrientes\/","title":{"rendered":"Paula Pareto llega a Corrientes"},"content":{"rendered":"<p>(Martes 8 de octubre de 2019). La medallista ol\u00edmpica <strong>Paula Pareto<\/strong> llegar\u00e1 este mi\u00e9rcoles a Corrientes, y ser\u00e1 recibida por el Gobernador <strong>Gustavo Vald\u00e9s<\/strong>, y luego por el Intendente, <strong>Eduardo Tassano<\/strong>, qui\u00e9n le entregar\u00e1 la llave de la Ciudad.<\/p>\n<p><!--more--><\/p>\n<p><img loading=\"lazy\" decoding=\"async\" class=\"alignright size-medium wp-image-22606\" src=\"https:\/\/crc.org.ar\/w\/wp-content\/uploads\/2019\/10\/pareto-300x200.jpg\" alt=\"\" width=\"300\" height=\"200\" srcset=\"https:\/\/crc.org.ar\/w\/wp-content\/uploads\/2019\/10\/pareto-300x200.jpg 300w, https:\/\/crc.org.ar\/w\/wp-content\/uploads\/2019\/10\/pareto-768x512.jpg 768w, https:\/\/crc.org.ar\/w\/wp-content\/uploads\/2019\/10\/pareto-1024x683.jpg 1024w\" sizes=\"(max-width: 300px) 100vw, 300px\" \/>La actual figura del judo argentino, la medallista ol\u00edmpica <strong>Paula Pareto <\/strong>llegar\u00e1 este mi\u00e9rcoles a Corrientes en la antesala del Campeonato Nacional Clausura, que se llevar\u00e1 a cabo desde este jueves en el Club de Regatas Corrientes.<\/p>\n<p>La judoca ser\u00e1 recibida por el Gobernador de la Provincia <strong>Gustavo Vald\u00e9s<\/strong> en su despacho, aproximadamente a las 9 horas, seg\u00fan lo anticip\u00f3 la Federaci\u00f3n Correntina de Judo, organizadora de la cita Nacional.<\/p>\n<p>A las 11 horas, en tanto, la medallista ol\u00edmpica ser\u00e1 recibida en el Palacio Municipal por el Intendente, <strong>Eduardo Tassano<\/strong>, qui\u00e9n le entregar\u00e1 la llave de la Ciudad y la declarar\u00e1 Hu\u00e9sped de Honor.<\/p>\n<p>Luego <strong>Paula Pareto<\/strong>, junto al tambi\u00e9n presidente del Club de Regatas Corrientes, <strong>Eduardo Tassano<\/strong>, tendr\u00e1 un contacto con la prensa para contarle de su actualidad, y promocionado el Nacional Clausura de Judo 2019.<\/p>\n<p>Recordemos que del 10 al 13 de octubre pr\u00f3ximo se llevar\u00e1 a cabo el Campeonato Nacional Clausura de Judo, en el Club de Regatas Corrientes, m\u00e1s precisamente en el estadio \u201cJos\u00e9 Jorge Contte\u201d en cuatro \u00e1reas de combate.<\/p>\n<p>Del Nacional Clausura participar\u00e1n, entre otros, las Federaciones de Chaco, Entre R\u00edos, Formosa, Intercolegial, La Rioja, Metropolitana, Neuqu\u00e9n, Paran\u00e1, Salta, San Juan, y Santa Fe.<\/p>\n<p>Adem\u00e1s de Santiago del Estero, San Luis, Tierra del Fuego, Tucum\u00e1n, C\u00f3rdoba, y la anfitriona Corrientes; que comenzar\u00e1n a competir este viernes con el in\u00e9dito torneo por equipo mixto (3 varones y 3 mujeres).<\/p>\n","protected":false},"excerpt":{"rendered":"<p>(Martes 8 de octubre de 2019). La medallista ol\u00edmpica Paula Pareto llegar\u00e1 este mi\u00e9rcoles a Corrientes, y ser\u00e1 recibida por el Gobernador Gustavo Vald\u00e9s, y luego por el Intendente, Eduardo Tassano, qui\u00e9n le entregar\u00e1 la llave de la Ciudad. La actual figura del judo argentino, la medallista ol\u00edmpica Paula Pareto llegar\u00e1 este mi\u00e9rcoles a Corrientes &hellip;<\/p>\n","protected":false},"author":1,"featured_media":22606,"comment_status":"closed","ping_status":"closed","sticky":false,"template":"","format":"standard","meta":{"footnotes":""},"categories":[17,156],"tags":[],"_links":{"self":[{"href":"https:\/\/crc.org.ar\/w\/wp-json\/wp\/v2\/posts\/22605"}],"collection":[{"href":"https:\/\/crc.org.ar\/w\/wp-json\/wp\/v2\/posts"}],"about":[{"href":"https:\/\/crc.org.ar\/w\/wp-json\/wp\/v2\/types\/post"}],"author":[{"embeddable":true,"href":"https:\/\/crc.org.ar\/w\/wp-json\/wp\/v2\/users\/1"}],"replies":[{"embeddable":true,"href":"https:\/\/crc.org.ar\/w\/wp-json\/wp\/v2\/comments?post=22605"}],"version-history":[{"count":1,"href":"https:\/\/crc.org.ar\/w\/wp-json\/wp\/v2\/posts\/22605\/revisions"}],"predecessor-version":[{"id":22607,"href":"https:\/\/crc.org.ar\/w\/wp-json\/wp\/v2\/posts\/22605\/revisions\/22607"}],"wp:featuredmedia":[{"embeddable":true,"href":"https:\/\/crc.org.ar\/w\/wp-json\/wp\/v2\/media\/22606"}],"wp:attachment":[{"href":"https:\/\/crc.org.ar\/w\/wp-json\/wp\/v2\/media?parent=22605"}],"wp:term":[{"taxonomy":"category","embeddable":true,"href":"https:\/\/crc.org.ar\/w\/wp-json\/wp\/v2\/categories?post=22605"},{"taxonomy":"post_tag","embeddable":true,"href":"https:\/\/crc.org.ar\/w\/wp-json\/wp\/v2\/tags?post=22605"}],"curies":[{"name":"wp","href":"https:\/\/api.w.org\/{rel}","templated":true}]}}