{"id":22613,"date":"2019-10-09T16:10:20","date_gmt":"2019-10-09T19:10:20","guid":{"rendered":"https:\/\/crc.org.ar\/w\/?p=22613"},"modified":"2019-10-09T16:45:47","modified_gmt":"2019-10-09T19:45:47","slug":"el-nacional-clausura-marcara-la-vuelta-de-arturo-marino-rey","status":"publish","type":"post","link":"https:\/\/crc.org.ar\/w\/el-nacional-clausura-marcara-la-vuelta-de-arturo-marino-rey\/","title":{"rendered":"El Nacional Clausura marcar\u00e1  la vuelta de Arturo Mari\u00f1o Rey"},"content":{"rendered":"<p>(Mi\u00e9rcoles 9 de octubre de 2019). El equipo de judo del Club de Regatas Corrientes esta listo para el Campeonato Nacional Clausura que se llevar\u00e1 a cabo este fin de semana, en la modalidad individual, en el estadio \u201cJos\u00e9 Jorge Contte\u201d. La novedad m\u00e1s importante es la vuelta a la actividad oficial de <strong>Arturo Mari\u00f1o Rey.<\/strong><\/p>\n<p><!--more--><\/p>\n<p><img loading=\"lazy\" decoding=\"async\" class=\"alignright size-medium wp-image-22614\" src=\"https:\/\/crc.org.ar\/w\/wp-content\/uploads\/2019\/10\/Arturo-Mari_o-Rey-Tete-Mari_o-Rey-Pancho-Rabadan-300x187.jpg\" alt=\"\" width=\"300\" height=\"187\" srcset=\"https:\/\/crc.org.ar\/w\/wp-content\/uploads\/2019\/10\/Arturo-Mari_o-Rey-Tete-Mari_o-Rey-Pancho-Rabadan-300x187.jpg 300w, https:\/\/crc.org.ar\/w\/wp-content\/uploads\/2019\/10\/Arturo-Mari_o-Rey-Tete-Mari_o-Rey-Pancho-Rabadan-768x480.jpg 768w, https:\/\/crc.org.ar\/w\/wp-content\/uploads\/2019\/10\/Arturo-Mari_o-Rey-Tete-Mari_o-Rey-Pancho-Rabadan-1024x640.jpg 1024w, https:\/\/crc.org.ar\/w\/wp-content\/uploads\/2019\/10\/Arturo-Mari_o-Rey-Tete-Mari_o-Rey-Pancho-Rabadan.jpg 1181w\" sizes=\"(max-width: 300px) 100vw, 300px\" \/>En el estadio \u201cJos\u00e9 Jorge Contte\u201d del Club de Regatas Corrientes se llevar\u00e1 a cabo el Campeonato Nacional Clausura de Judo 2019, organizada por la Federaci\u00f3n Correntina de Judo, con el apoyo del Gobierno de la Provincia y la log\u00edstica del club anfitri\u00f3n.<\/p>\n<p>La competencia propiamente dicha, dar\u00e1 inicio este viernes con el torneo por equipos mixto, en tanto el s\u00e1bado y domingo ser\u00e1 el turno de la competencia individual en las distintas categor\u00edas.<\/p>\n<p>El emblem\u00e1tico campeonato de la Confederaci\u00f3n Argentina de Judo (CAJ) contar\u00e1 con la presencia del equipo del club de Regatas, integrando el representativo de Corrientes, con cerca de treinta (30) judocas.<\/p>\n<p>La\u00a0 novedad m\u00e1s importante en el equipo \u201cremero\u201d es la presencia de <strong>Arturo Mari\u00f1o Rey<\/strong>, que vuelve a una competencia oficial de CAJ, despu\u00e9s de que se le diagnosticar\u00e1, un 14 de febrero de 2017 a los 17 a\u00f1os, c\u00e1ncer de huesos.<\/p>\n<p><strong>Arturo Mari\u00f1o Rey<\/strong> gan\u00f3 su lucha m\u00e1s importante en el tatami de la vida, al superar con \u00e9xito la enfermedad (cirug\u00eda de por medio), y hora retoma el judo, su pasi\u00f3n, y estar\u00e1 en el tatami del Regatas, en todo un ejemplo para la sociedad, especialmente para la juventud.<\/p>\n<p>As\u00ed lo confirmaron sus entrenadores <strong>Jos\u00e9 Augusto Mari\u00f1o Rey <\/strong>y<strong> Pablo Mari\u00f1o Rey<\/strong>, que se mostraron muy contentos con su vuelta, y con el equipo que presentar\u00e1n en el Nacional, con muy buenas expectativas de conseguir medallas.<\/p>\n<p><strong>EQUIPO REGATENSE<br \/>\n<\/strong><strong>Benjam\u00edn Mari\u00f1o Rey<\/strong> (Infantil A hasta 28 kilogramos), <strong>Dante Wandelow<\/strong> (Infantil A hasta 34 kilogramos), <strong>Bautista Famea<\/strong> (Infantil A hasta 42 kilogramos), <strong>Franco Meza Godoy<\/strong> (Infantil A m\u00e1s de 52 kilogramos), <strong>Sebasti\u00e1n Ver\u00f3n<\/strong> (Infantil A m\u00e1s de 52 kilogramos), y <strong>Tob\u00edas Rodr\u00edguez<\/strong> (Infantil A m\u00e1s de 52 kilogramos).<\/p>\n<p><strong>Ana Paula Vallarino<\/strong> (Cadete hasta 40 kilogramos), <strong>Roc\u00edo Yardin<\/strong> (Cadete y Kyu Novicio hasta 63 kilogramos), <strong>Ignacio Mari\u00f1o<\/strong> (Cadete y Kyu Novicio hasta 55 kilogramos), <strong>Agust\u00edn Insaurralde<\/strong> (Cadete y Kyu Graduado hasta 66 kilogramos), <strong>Juan Enrique Niz<\/strong> (Cadete y Kyu Novicio hasta 66 kilogramos), y <strong>Rodrigo Insaurralde<\/strong> (Cadete y Kyu Novicio hasta 66 kilogramos).<\/p>\n<p><strong>Arturo Mari\u00f1o Rey<\/strong> (Junior y Kyu Graduado hasta 60 kilogramos), <strong>Luz Oviedo<\/strong> (Junior hasta 63 kilogramos), <strong>Nahuel Insaurralde<\/strong> (Junior y Kyu Novicio hasta 66 kilogramos), <strong>Gonzalo Frada<\/strong> (Junior, Kyu Graduado y Senior hasta 73 kilogramos), y <strong>Nicol\u00e1s Astorga<\/strong> (Junior y Senior hasta 73 kilogramos).<\/p>\n<p><strong>Luciano B\u00e1ez<\/strong> (Kyu Novicio hasta 66 kilogramos), <strong>Facundo Ferro<\/strong> (Kyu Graduado hasta 60 kilogramos), <strong>Eugenio Buyatti<\/strong> (Kyu Graduado y Senior hasta 66 kilogramos), <strong>Dar\u00edo Dalmao<\/strong> (Kyu Graduado y Senior hasta 66 kilogramos), <strong>Facundo Casa\u00f1as<\/strong> (Kyu Graduado y Senior hasta 73 kilogramos), y <strong>Eduardo Varela<\/strong> (Kyu Graduado hasta 100 kilogramos).<\/p>\n<p><strong>Agustina Rodr\u00edguez<\/strong> (Senior hasta 57 kilogramos), <strong>Gonzalo Ferro<\/strong> (Senior hasta 66 kilogramos), <strong>Francisco Rabad\u00e1n<\/strong> (Senior hasta 66 kilogramos), <strong>Claudio S\u00e1nchez<\/strong> (Senior m\u00e1s de 100 kilogramos), y <strong>Miguel S\u00e1nchez<\/strong> (Senior m\u00e1s de 100 kilogramos).<\/p>\n","protected":false},"excerpt":{"rendered":"<p>(Mi\u00e9rcoles 9 de octubre de 2019). El equipo de judo del Club de Regatas Corrientes esta listo para el Campeonato Nacional Clausura que se llevar\u00e1 a cabo este fin de semana, en la modalidad individual, en el estadio \u201cJos\u00e9 Jorge Contte\u201d. La novedad m\u00e1s importante es la vuelta a la actividad oficial de Arturo Mari\u00f1o &hellip;<\/p>\n","protected":false},"author":1,"featured_media":22614,"comment_status":"closed","ping_status":"closed","sticky":false,"template":"","format":"standard","meta":{"footnotes":""},"categories":[17,156],"tags":[],"_links":{"self":[{"href":"https:\/\/crc.org.ar\/w\/wp-json\/wp\/v2\/posts\/22613"}],"collection":[{"href":"https:\/\/crc.org.ar\/w\/wp-json\/wp\/v2\/posts"}],"about":[{"href":"https:\/\/crc.org.ar\/w\/wp-json\/wp\/v2\/types\/post"}],"author":[{"embeddable":true,"href":"https:\/\/crc.org.ar\/w\/wp-json\/wp\/v2\/users\/1"}],"replies":[{"embeddable":true,"href":"https:\/\/crc.org.ar\/w\/wp-json\/wp\/v2\/comments?post=22613"}],"version-history":[{"count":1,"href":"https:\/\/crc.org.ar\/w\/wp-json\/wp\/v2\/posts\/22613\/revisions"}],"predecessor-version":[{"id":22615,"href":"https:\/\/crc.org.ar\/w\/wp-json\/wp\/v2\/posts\/22613\/revisions\/22615"}],"wp:featuredmedia":[{"embeddable":true,"href":"https:\/\/crc.org.ar\/w\/wp-json\/wp\/v2\/media\/22614"}],"wp:attachment":[{"href":"https:\/\/crc.org.ar\/w\/wp-json\/wp\/v2\/media?parent=22613"}],"wp:term":[{"taxonomy":"category","embeddable":true,"href":"https:\/\/crc.org.ar\/w\/wp-json\/wp\/v2\/categories?post=22613"},{"taxonomy":"post_tag","embeddable":true,"href":"https:\/\/crc.org.ar\/w\/wp-json\/wp\/v2\/tags?post=22613"}],"curies":[{"name":"wp","href":"https:\/\/api.w.org\/{rel}","templated":true}]}}