{"id":22635,"date":"2019-10-10T17:00:32","date_gmt":"2019-10-10T20:00:32","guid":{"rendered":"https:\/\/crc.org.ar\/w\/?p=22635"},"modified":"2019-10-10T17:29:40","modified_gmt":"2019-10-10T20:29:40","slug":"arranca-el-campeonato-nacional-clausura-de-judo-en-regatas","status":"publish","type":"post","link":"https:\/\/crc.org.ar\/w\/arranca-el-campeonato-nacional-clausura-de-judo-en-regatas\/","title":{"rendered":"Arranca el Campeonato Nacional  Clausura de Judo en Regatas"},"content":{"rendered":"<p>(Jueves 10 de octubre de 2019). Con la in\u00e9dita competencia por equipos mixto, entre otras categor\u00edas, comenzar\u00e1 este viernes el Campeonato Nacional Clausura de Judo, que se llevar\u00e1 a cabo en el estadio \u201cJos\u00e9 Jorge Contte\u201d del Club de Regatas Corrientes.<\/p>\n<p><!--more--><\/p>\n<p><img loading=\"lazy\" decoding=\"async\" class=\"size-medium wp-image-22636 alignleft\" src=\"https:\/\/crc.org.ar\/w\/wp-content\/uploads\/2019\/10\/Judo-Astorga-300x212.jpg\" alt=\"\" width=\"300\" height=\"212\" srcset=\"https:\/\/crc.org.ar\/w\/wp-content\/uploads\/2019\/10\/Judo-Astorga-300x212.jpg 300w, https:\/\/crc.org.ar\/w\/wp-content\/uploads\/2019\/10\/Judo-Astorga-768x542.jpg 768w, https:\/\/crc.org.ar\/w\/wp-content\/uploads\/2019\/10\/Judo-Astorga.jpg 800w\" sizes=\"(max-width: 300px) 100vw, 300px\" \/><\/p>\n<p>Este viernes en el Club de Regatas Corrientes, m\u00e1s precisamente en el estadio \u201cJos\u00e9 Jorge Contte\u201d, comenzar\u00e1 a disputarse el Campeonato Nacional Clausura de Judo, organizado por la Federaci\u00f3n Correntina de Judo.<\/p>\n<p>El Nacional Clausura 2019 marcar\u00e1 un hecho in\u00e9dito en este tipo de Campeonato, ya que la Confederaci\u00f3n Argentina de Judo (CAJ) apostar\u00e1 a la competencia entre equipos mixtos, que arrancar\u00e1 a las 17 horas.<\/p>\n<p>Los equipos mixtos estar\u00e1n compuestos por tres (3) hombres y tres (3) mujeres, en las siguientes categor\u00edas de pesos de: &#8211; 57, &#8211; 70, y + 70 (femenino); y \u2013 73, &#8211; 90, y + 90 (masculino).<\/p>\n<p>Antes habr\u00e1 luchas en las categor\u00edas Cadete &#8211; Sub 18 (15,16 y 17 a\u00f1os), a partir de las 9.00 horas; y en la categor\u00eda Junior, a partir de las 15.00 horas; siempre en ambos sexos y en la cuatro \u00e1reas de competencia en el \u201cContte\u201d.<\/p>\n<p><strong>TODO EL PAIS<\/strong><\/p>\n<p>Del Nacional Clausura participar\u00e1n, entre otros, las Federaciones de Chaco, Entre R\u00edos, Formosa, Intercolegial, La Rioja, Metropolitana, Neuqu\u00e9n, Paran\u00e1, Salta, San Juan, y Santa Fe.<\/p>\n<p>Adem\u00e1s de Santiago del Estero, San Luis, Tierra del Fuego, Tucum\u00e1n, C\u00f3rdoba, y la anfitriona Corrientes; en una competencia que se prolongar\u00e1 hasta el domingo inclusive, en horas de la ma\u00f1ana<\/p>\n<p><strong>ACTO APERTURA<\/strong><\/p>\n<p>El Acto Apertura, con el desfile de todas las delegaciones y la presencia de autoridades locales, provinciales y nacionales, se llevar\u00e1 a cabo este s\u00e1bado a partir 15 horas, antes de dar inicio a la categor\u00eda Senior.<\/p>\n<p><strong>CATEGOR\u00cdAS<\/strong><\/p>\n<p>Equipo Mixto (15 a\u00f1os o m\u00e1s), Infantil \u201cA\u201d (11 y 12 a\u00f1os), Infantil \u201cB\u201d (13 y 14 a\u00f1os), Cadete \u2013 Sub 18 (15,16 y 17 a\u00f1os), Junior \u2013 Sub 21 (18, 19 y 20 a\u00f1os), Senior (15 a\u00f1os o m\u00e1s), Kyu Graduado (15 a\u00f1os o m\u00e1s), y Kyu Novicio (15 a\u00f1os o m\u00e1s).<\/p>\n<p><strong>PROGRAMA<\/strong><\/p>\n<p><strong>Viernes 11\/10<\/strong><\/p>\n<p>Cadete, a partir de las 9.00 horas.<\/p>\n<p>Junior, a partir de las 15.00 horas.<\/p>\n<p>Equipo Mixto, a partir de 17.00 horas.<\/p>\n<p><strong>S\u00e1bado 12\/10<\/strong><\/p>\n<p>Kyu Novicio, a partir de las 9.00 horas.<\/p>\n<p>Infantil \u201cA\u201d, a partir de las 11.00 horas.<\/p>\n<p>Senior, a partir de las 15.00 horas.<\/p>\n<p><strong>Domingo 13\/10<\/strong><\/p>\n<p>Kyu Graduado, a partir de las 9.00 horas.<\/p>\n<p>Infantil \u201cB\u201d, a partir de las 11.00 horas.<\/p>\n","protected":false},"excerpt":{"rendered":"<p>(Jueves 10 de octubre de 2019). Con la in\u00e9dita competencia por equipos mixto, entre otras categor\u00edas, comenzar\u00e1 este viernes el Campeonato Nacional Clausura de Judo, que se llevar\u00e1 a cabo en el estadio \u201cJos\u00e9 Jorge Contte\u201d del Club de Regatas Corrientes. Este viernes en el Club de Regatas Corrientes, m\u00e1s precisamente en el estadio \u201cJos\u00e9 &hellip;<\/p>\n","protected":false},"author":1,"featured_media":22636,"comment_status":"closed","ping_status":"closed","sticky":false,"template":"","format":"standard","meta":{"footnotes":""},"categories":[17,156],"tags":[],"_links":{"self":[{"href":"https:\/\/crc.org.ar\/w\/wp-json\/wp\/v2\/posts\/22635"}],"collection":[{"href":"https:\/\/crc.org.ar\/w\/wp-json\/wp\/v2\/posts"}],"about":[{"href":"https:\/\/crc.org.ar\/w\/wp-json\/wp\/v2\/types\/post"}],"author":[{"embeddable":true,"href":"https:\/\/crc.org.ar\/w\/wp-json\/wp\/v2\/users\/1"}],"replies":[{"embeddable":true,"href":"https:\/\/crc.org.ar\/w\/wp-json\/wp\/v2\/comments?post=22635"}],"version-history":[{"count":2,"href":"https:\/\/crc.org.ar\/w\/wp-json\/wp\/v2\/posts\/22635\/revisions"}],"predecessor-version":[{"id":22639,"href":"https:\/\/crc.org.ar\/w\/wp-json\/wp\/v2\/posts\/22635\/revisions\/22639"}],"wp:featuredmedia":[{"embeddable":true,"href":"https:\/\/crc.org.ar\/w\/wp-json\/wp\/v2\/media\/22636"}],"wp:attachment":[{"href":"https:\/\/crc.org.ar\/w\/wp-json\/wp\/v2\/media?parent=22635"}],"wp:term":[{"taxonomy":"category","embeddable":true,"href":"https:\/\/crc.org.ar\/w\/wp-json\/wp\/v2\/categories?post=22635"},{"taxonomy":"post_tag","embeddable":true,"href":"https:\/\/crc.org.ar\/w\/wp-json\/wp\/v2\/tags?post=22635"}],"curies":[{"name":"wp","href":"https:\/\/api.w.org\/{rel}","templated":true}]}}