{"id":22644,"date":"2019-10-10T17:10:09","date_gmt":"2019-10-10T20:10:09","guid":{"rendered":"https:\/\/crc.org.ar\/w\/?p=22644"},"modified":"2019-10-10T17:35:43","modified_gmt":"2019-10-10T20:35:43","slug":"regatas-se-mide-con-colon-en-el-postergado","status":"publish","type":"post","link":"https:\/\/crc.org.ar\/w\/regatas-se-mide-con-colon-en-el-postergado\/","title":{"rendered":"Regatas se mide con Col\u00f3n en el postergado"},"content":{"rendered":"<p>(Jueves 10 de octubre de 2019). Este viernes por la noche, Regatas Corrientes y el Club Col\u00f3n, se miden por el juego postergado correspondiente a la primera fecha del Torneo Oficial de la ABCC. Si los \u201cremeros\u201d ganan, quedar\u00e1n punteros en soledad.<\/p>\n<p><!--more--><\/p>\n<p><img loading=\"lazy\" decoding=\"async\" class=\"size-medium wp-image-22645 alignleft\" src=\"https:\/\/crc.org.ar\/w\/wp-content\/uploads\/2019\/10\/Scacchi1-1-300x234.jpeg\" alt=\"\" width=\"300\" height=\"234\" srcset=\"https:\/\/crc.org.ar\/w\/wp-content\/uploads\/2019\/10\/Scacchi1-1-300x234.jpeg 300w, https:\/\/crc.org.ar\/w\/wp-content\/uploads\/2019\/10\/Scacchi1-1-768x598.jpeg 768w, https:\/\/crc.org.ar\/w\/wp-content\/uploads\/2019\/10\/Scacchi1-1.jpeg 770w\" sizes=\"(max-width: 300px) 100vw, 300px\" \/>Este viernes, en cancha del Club Deportivo Col\u00f3n, Regatas y el local, se enfrentar\u00e1n por el juego postergado, que corresponde a la primera fecha del Torneo Oficial de Primera Divisi\u00f3n de la Asociaci\u00f3n de B\u00e1squet de la Ciudad de Corrientes (ABCC).<\/p>\n<p>El juego est\u00e1 previsto para la segunda hora de la jornada, pactado para las 21:45, luego de finalizado el partido preliminar de la categor\u00eda U17, que tendr\u00e1 como protagonistas a Regatas A frente a Regatas B.<\/p>\n<p>El partido, que en la primera jornada se hab\u00eda suspendido a causa de que Col\u00f3n contaba con jugadores en el Argentino de Selecciones, ser\u00e1 clave para las aspiraciones de ambos equipos, que de a poco se empiezan a acomodar en la zona m\u00e1s alta de la tabla.<\/p>\n<p>Los dirigidos de <strong>Juan Pablo Mascar\u00f3<\/strong>, tendr\u00e1n la chance, en caso de ganar, de quedar como \u00fanicos punteros del campeonato con 16 puntos, superando a Alvear que acumula 15. Aunque en caso de perder, igualmente llegar\u00e1n a la primera posici\u00f3n, pero compartida.<\/p>\n<p>Recordemos que Regatas llega al cruce con un r\u00e9cord de 6 partidos ganados y 2 perdidos, en donde el pasado lunes le gan\u00f3 a El Tala por la octava jornada.<\/p>\n<p>Por su parte, los de calle Catamarca, arrastran 12 puntos en el certamen, producto de un r\u00e9cord de 5 victorias y 2 derrotas. El \u00faltimo mi\u00e9rcoles, cayeron contra Juventus por 76 a 63 por lo que llegaran al duelo con un traspi\u00e9.<\/p>\n<p>En cuanto a los antecedentes, el m\u00e1s cercano es aquel que jugaron por la octava fecha del Torneo Oficial, con una ag\u00f3nica victoria del equipo de <strong>Carlos Villalba<\/strong> por 77 a 74.<\/p>\n","protected":false},"excerpt":{"rendered":"<p>(Jueves 10 de octubre de 2019). Este viernes por la noche, Regatas Corrientes y el Club Col\u00f3n, se miden por el juego postergado correspondiente a la primera fecha del Torneo Oficial de la ABCC. Si los \u201cremeros\u201d ganan, quedar\u00e1n punteros en soledad. Este viernes, en cancha del Club Deportivo Col\u00f3n, Regatas y el local, se &hellip;<\/p>\n","protected":false},"author":1,"featured_media":22646,"comment_status":"closed","ping_status":"closed","sticky":false,"template":"","format":"standard","meta":{"footnotes":""},"categories":[80,156],"tags":[],"_links":{"self":[{"href":"https:\/\/crc.org.ar\/w\/wp-json\/wp\/v2\/posts\/22644"}],"collection":[{"href":"https:\/\/crc.org.ar\/w\/wp-json\/wp\/v2\/posts"}],"about":[{"href":"https:\/\/crc.org.ar\/w\/wp-json\/wp\/v2\/types\/post"}],"author":[{"embeddable":true,"href":"https:\/\/crc.org.ar\/w\/wp-json\/wp\/v2\/users\/1"}],"replies":[{"embeddable":true,"href":"https:\/\/crc.org.ar\/w\/wp-json\/wp\/v2\/comments?post=22644"}],"version-history":[{"count":1,"href":"https:\/\/crc.org.ar\/w\/wp-json\/wp\/v2\/posts\/22644\/revisions"}],"predecessor-version":[{"id":22647,"href":"https:\/\/crc.org.ar\/w\/wp-json\/wp\/v2\/posts\/22644\/revisions\/22647"}],"wp:featuredmedia":[{"embeddable":true,"href":"https:\/\/crc.org.ar\/w\/wp-json\/wp\/v2\/media\/22646"}],"wp:attachment":[{"href":"https:\/\/crc.org.ar\/w\/wp-json\/wp\/v2\/media?parent=22644"}],"wp:term":[{"taxonomy":"category","embeddable":true,"href":"https:\/\/crc.org.ar\/w\/wp-json\/wp\/v2\/categories?post=22644"},{"taxonomy":"post_tag","embeddable":true,"href":"https:\/\/crc.org.ar\/w\/wp-json\/wp\/v2\/tags?post=22644"}],"curies":[{"name":"wp","href":"https:\/\/api.w.org\/{rel}","templated":true}]}}