{"id":22648,"date":"2019-10-10T17:15:02","date_gmt":"2019-10-10T20:15:02","guid":{"rendered":"https:\/\/crc.org.ar\/w\/?p=22648"},"modified":"2019-10-10T17:39:24","modified_gmt":"2019-10-10T20:39:24","slug":"tassano-le-entrego-la-llave-de-la-ciudad-a-la-olimpica-paula-pareto","status":"publish","type":"post","link":"https:\/\/crc.org.ar\/w\/tassano-le-entrego-la-llave-de-la-ciudad-a-la-olimpica-paula-pareto\/","title":{"rendered":"Tassano le entreg\u00f3 la Llave de la  Ciudad a la ol\u00edmpica Paula Pareto"},"content":{"rendered":"<p>(Jueves 10 de octubre de 2019). En una visita de lujo, el intendente <strong>Eduardo Tassano<\/strong> recibi\u00f3 a la destacad\u00edsima judoca Paula Pareto, a quien le entreg\u00f3 la Llave de la Ciudad y la declar\u00f3 Hu\u00e9sped de Honor de la Ciudad de Corrientes.<\/p>\n<p><!--more--><\/p>\n<p>\u201cLa Llave de la Ciudad es el m\u00e1ximo s\u00edmbolo que entrega el Municipio a personalidades como vos, que han representado al pa\u00eds en el m\u00e1s alto nivel, y sobre todo en tu caso, que sos un modelo de desarrollo para los j\u00f3venes, porque adem\u00e1s de tu destacad\u00edsima carrera en el deporte, has estudiados, sos m\u00e9dica y has podido desarrollar tu profesi\u00f3n\u201d, comenz\u00f3 diciendo el intendente <strong>Eduardo Tassano<\/strong>.<\/p>\n<div id='gallery-1' class='gallery galleryid-22648 gallery-columns-3 gallery-size-thumbnail'><figure class='gallery-item'>\n\t\t\t<div class='gallery-icon landscape'>\n\t\t\t\t<a href='https:\/\/crc.org.ar\/w\/wp-content\/uploads\/2019\/10\/Lanari-Pareto.jpeg'><img loading=\"lazy\" decoding=\"async\" width=\"150\" height=\"150\" src=\"https:\/\/crc.org.ar\/w\/wp-content\/uploads\/2019\/10\/Lanari-Pareto-150x150.jpeg\" class=\"attachment-thumbnail size-thumbnail\" alt=\"\" \/><\/a>\n\t\t\t<\/div><\/figure><figure class='gallery-item'>\n\t\t\t<div class='gallery-icon landscape'>\n\t\t\t\t<a href='https:\/\/crc.org.ar\/w\/wp-content\/uploads\/2019\/10\/Tassano-Pareto.jpeg'><img loading=\"lazy\" decoding=\"async\" width=\"150\" height=\"150\" src=\"https:\/\/crc.org.ar\/w\/wp-content\/uploads\/2019\/10\/Tassano-Pareto-150x150.jpeg\" class=\"attachment-thumbnail size-thumbnail\" alt=\"\" \/><\/a>\n\t\t\t<\/div><\/figure><figure class='gallery-item'>\n\t\t\t<div class='gallery-icon landscape'>\n\t\t\t\t<a href='https:\/\/crc.org.ar\/w\/wp-content\/uploads\/2019\/10\/Tassano-Pareto1.jpeg'><img loading=\"lazy\" decoding=\"async\" width=\"150\" height=\"150\" src=\"https:\/\/crc.org.ar\/w\/wp-content\/uploads\/2019\/10\/Tassano-Pareto1-150x150.jpeg\" class=\"attachment-thumbnail size-thumbnail\" alt=\"\" \/><\/a>\n\t\t\t<\/div><\/figure><figure class='gallery-item'>\n\t\t\t<div class='gallery-icon landscape'>\n\t\t\t\t<a href='https:\/\/crc.org.ar\/w\/wp-content\/uploads\/2019\/10\/Tassano-Pareto2.jpeg'><img loading=\"lazy\" decoding=\"async\" width=\"150\" height=\"150\" src=\"https:\/\/crc.org.ar\/w\/wp-content\/uploads\/2019\/10\/Tassano-Pareto2-150x150.jpeg\" class=\"attachment-thumbnail size-thumbnail\" alt=\"\" \/><\/a>\n\t\t\t<\/div><\/figure><figure class='gallery-item'>\n\t\t\t<div class='gallery-icon landscape'>\n\t\t\t\t<a href='https:\/\/crc.org.ar\/w\/wp-content\/uploads\/2019\/10\/TAssano-Pareto-Lanari.jpeg'><img loading=\"lazy\" decoding=\"async\" width=\"150\" height=\"150\" src=\"https:\/\/crc.org.ar\/w\/wp-content\/uploads\/2019\/10\/TAssano-Pareto-Lanari-150x150.jpeg\" class=\"attachment-thumbnail size-thumbnail\" alt=\"\" \/><\/a>\n\t\t\t<\/div><\/figure><figure class='gallery-item'>\n\t\t\t<div class='gallery-icon landscape'>\n\t\t\t\t<a href='https:\/\/crc.org.ar\/w\/wp-content\/uploads\/2019\/10\/TAssano-Pareto-Lanari1.jpeg'><img loading=\"lazy\" decoding=\"async\" width=\"150\" height=\"150\" src=\"https:\/\/crc.org.ar\/w\/wp-content\/uploads\/2019\/10\/TAssano-Pareto-Lanari1-150x150.jpeg\" class=\"attachment-thumbnail size-thumbnail\" alt=\"\" \/><\/a>\n\t\t\t<\/div><\/figure>\n\t\t<\/div>\n\n<p>\u201cEsta llave significa que todas las llaves de todas las casas de Corrientes est\u00e1n abiertas para vos\u201d, remarc\u00f3 Tassano, dirigi\u00e9ndose a Pareto, en un sencillo pero emotivo acto desarrollado en su despacho.<\/p>\n<p><strong>Paula Pareto,<\/strong> campeona del mundo en Astan\u00e1 2015 y ganadora de la medalla de oro en los Juegos Ol\u00edmpicos de R\u00edo de Janeiro 2016, entre otros, comparti\u00f3 as\u00ed un grato momento con Tassano, en donde se mostr\u00f3 \u201cmuy agradecida por este reconocimiento tan grato, que es tener la Llave de la Ciudad, que creo que es algo muy grande tanto para m\u00ed como para todos los judocas\u201d, destac\u00f3.<\/p>\n<p>\u201cCreo que yo estoy un poco en representaci\u00f3n de ellos y que gracias a toda la organizaci\u00f3n que se pudo hacer, podemos estar todos ac\u00e1, haciendo un torneo nacional que para muchos es el torneo m\u00e1s importante del a\u00f1o, as\u00ed que es lindo saber que tenemos una ciudad y una provincia que nos apoya en nuestro deporte y que podemos estar c\u00f3modos para practicarlo\u201d, valor\u00f3 Pareto.<\/p>\n<p>\u201cAgradezco a todos ustedes, al intendente por la Llave, y por hacer posible este Campeonato Nacional\u201d, respondi\u00f3 la \u201cPeque\u201d, tras cual afirm\u00f3 que \u201ces muy dif\u00edcil llevarlo a cabo, as\u00ed que les agradezco la ayuda, porque sin esto no ser\u00eda posible, y sin eso, el judo no podr\u00eda progresar; para nosotros, los judocas, es muy bueno y muy lindo que nos reciban\u201d.<\/p>\n<p><strong>PERSONALIDAD DESTACABLE<br \/>\n<\/strong>En rueda de prensa, Tassano volvi\u00f3 a hacer especial \u00e9nfasis en Pareto, de quien ponder\u00f3 \u201csu personalidad, su esfuerzo, su abnegaci\u00f3n, y todos los valores que hacen al deporte judo, que ella representa cabalmente, y tambi\u00e9n su esfuerzo personal para continuar con su otra pasi\u00f3n que es la medicina; lo que realmente la hace una personalidad destacable en toda la Rep\u00fablica Argentina y tambi\u00e9n en el mundo, por eso este merecido reconocimiento\u201d.<\/p>\n<p>\u201cNosotros lo m\u00ednimo que tenemos que hacer es reconocer a esta personalidad que con tanto esfuerzo ha construido tantas alegr\u00edas, tantas cosas para el deporte argentino, pero tambi\u00e9n tanta transmisi\u00f3n de valores para los j\u00f3venes\u201d, remarc\u00f3 el intendente.<\/p>\n<p>A su vez, Tassano consider\u00f3 menester resaltar \u201cel apoyo que, obviamente, en gran medida lo ha hecho el Gobierno de la Provincia\u201d al tiempo que se mostr\u00f3 contento por la visita que la yudoca realizar\u00e1 al gobernador Gustavo Vald\u00e9s.<\/p>\n<p>\u201cHemos colaborado y coordinado con el club para darle marco a un Campeonato Argentino en un deporte que tantas alegr\u00edas nos da. El Regatas tiene una larga historia en judo y han salido much\u00edsimos j\u00f3venes, much\u00edsimos deportistas judocas. Corrientes ha tenido en el judo grandes representantes y tanto personalmente como nosotros, como club, nos interesa fomentar y apoyar el deporte, y estamos en todas las disciplinas, as\u00ed que vestiremos a la ciudad de gala para recibir ese campeonato\u201d, sostuvo Tassano, tambi\u00e9n en car\u00e1cter de presidente del Club Regatas Corrientes.<\/p>\n","protected":false},"excerpt":{"rendered":"<p>(Jueves 10 de octubre de 2019). En una visita de lujo, el intendente Eduardo Tassano recibi\u00f3 a la destacad\u00edsima judoca Paula Pareto, a quien le entreg\u00f3 la Llave de la Ciudad y la declar\u00f3 Hu\u00e9sped de Honor de la Ciudad de Corrientes. \u201cLa Llave de la Ciudad es el m\u00e1ximo s\u00edmbolo que entrega el Municipio &hellip;<\/p>\n","protected":false},"author":1,"featured_media":22655,"comment_status":"closed","ping_status":"closed","sticky":false,"template":"","format":"standard","meta":{"footnotes":""},"categories":[17,156],"tags":[],"_links":{"self":[{"href":"https:\/\/crc.org.ar\/w\/wp-json\/wp\/v2\/posts\/22648"}],"collection":[{"href":"https:\/\/crc.org.ar\/w\/wp-json\/wp\/v2\/posts"}],"about":[{"href":"https:\/\/crc.org.ar\/w\/wp-json\/wp\/v2\/types\/post"}],"author":[{"embeddable":true,"href":"https:\/\/crc.org.ar\/w\/wp-json\/wp\/v2\/users\/1"}],"replies":[{"embeddable":true,"href":"https:\/\/crc.org.ar\/w\/wp-json\/wp\/v2\/comments?post=22648"}],"version-history":[{"count":1,"href":"https:\/\/crc.org.ar\/w\/wp-json\/wp\/v2\/posts\/22648\/revisions"}],"predecessor-version":[{"id":22656,"href":"https:\/\/crc.org.ar\/w\/wp-json\/wp\/v2\/posts\/22648\/revisions\/22656"}],"wp:featuredmedia":[{"embeddable":true,"href":"https:\/\/crc.org.ar\/w\/wp-json\/wp\/v2\/media\/22655"}],"wp:attachment":[{"href":"https:\/\/crc.org.ar\/w\/wp-json\/wp\/v2\/media?parent=22648"}],"wp:term":[{"taxonomy":"category","embeddable":true,"href":"https:\/\/crc.org.ar\/w\/wp-json\/wp\/v2\/categories?post=22648"},{"taxonomy":"post_tag","embeddable":true,"href":"https:\/\/crc.org.ar\/w\/wp-json\/wp\/v2\/tags?post=22648"}],"curies":[{"name":"wp","href":"https:\/\/api.w.org\/{rel}","templated":true}]}}