{"id":22663,"date":"2019-10-11T17:05:01","date_gmt":"2019-10-11T20:05:01","guid":{"rendered":"https:\/\/crc.org.ar\/w\/?p=22663"},"modified":"2019-10-11T18:03:31","modified_gmt":"2019-10-11T21:03:31","slug":"ana-paula-vallarino-campeona-nacional-de-judo","status":"publish","type":"post","link":"https:\/\/crc.org.ar\/w\/ana-paula-vallarino-campeona-nacional-de-judo\/","title":{"rendered":"Ana Paula Vallarino campeona Nacional de Judo"},"content":{"rendered":"<p>(Viernes 11 de octubre de 2019). La judoca del Club de Regatas Corrientes, <strong>Ana Paula Vallarino,<\/strong> se colg\u00f3 la presea de oro en la categor\u00eda hasta 40 kilogramos en la jornada inaugural del Campeonato Nacional Clausura de Judo que comenz\u00f3 este viernes en el estadio \u201cJos\u00e9 Jorge Contte\u201d.<\/p>\n<p><!--more--><\/p>\n<p>En su regreso a la actividad, la judoca del Club de Regatas Corrientes, <strong>Ana Paula Vallarino,<\/strong> se colg\u00f3 la medalla de oro en la categor\u00eda hasta 40 kilogramos en la jornada inaugural del Campeonato Nacional Clausura de Judo.<\/p>\n<div id='gallery-1' class='gallery galleryid-22663 gallery-columns-4 gallery-size-thumbnail'><figure class='gallery-item'>\n\t\t\t<div class='gallery-icon landscape'>\n\t\t\t\t<a href='https:\/\/crc.org.ar\/w\/wp-content\/uploads\/2019\/10\/Vallarino.jpg'><img loading=\"lazy\" decoding=\"async\" width=\"150\" height=\"150\" src=\"https:\/\/crc.org.ar\/w\/wp-content\/uploads\/2019\/10\/Vallarino-150x150.jpg\" class=\"attachment-thumbnail size-thumbnail\" alt=\"\" \/><\/a>\n\t\t\t<\/div><\/figure><figure class='gallery-item'>\n\t\t\t<div class='gallery-icon landscape'>\n\t\t\t\t<a href='https:\/\/crc.org.ar\/w\/wp-content\/uploads\/2019\/10\/vallarino1.jpg'><img loading=\"lazy\" decoding=\"async\" width=\"150\" height=\"150\" src=\"https:\/\/crc.org.ar\/w\/wp-content\/uploads\/2019\/10\/vallarino1-150x150.jpg\" class=\"attachment-thumbnail size-thumbnail\" alt=\"\" \/><\/a>\n\t\t\t<\/div><\/figure><figure class='gallery-item'>\n\t\t\t<div class='gallery-icon landscape'>\n\t\t\t\t<a href='https:\/\/crc.org.ar\/w\/wp-content\/uploads\/2019\/10\/vallarino2.jpg'><img loading=\"lazy\" decoding=\"async\" width=\"150\" height=\"150\" src=\"https:\/\/crc.org.ar\/w\/wp-content\/uploads\/2019\/10\/vallarino2-150x150.jpg\" class=\"attachment-thumbnail size-thumbnail\" alt=\"\" \/><\/a>\n\t\t\t<\/div><\/figure><figure class='gallery-item'>\n\t\t\t<div class='gallery-icon portrait'>\n\t\t\t\t<a href='https:\/\/crc.org.ar\/w\/wp-content\/uploads\/2019\/10\/Vallarino3.jpg'><img loading=\"lazy\" decoding=\"async\" width=\"150\" height=\"150\" src=\"https:\/\/crc.org.ar\/w\/wp-content\/uploads\/2019\/10\/Vallarino3-150x150.jpg\" class=\"attachment-thumbnail size-thumbnail\" alt=\"\" \/><\/a>\n\t\t\t<\/div><\/figure>\n\t\t<\/div>\n\n<p>La consagraci\u00f3n de Vallarino lleg\u00f3 luego de vencer en la final a la salte\u00f1a <strong>Abigail Zalazar<\/strong>; en una competencia que se inicio este viernes en el estadio \u201cJos\u00e9 Jorge Contte\u201d del Club de Regatas Corrientes.<\/p>\n<p>Vallarino, que logr\u00f3 su tercera medalla de oro en otros tantos nacionales, vuelve as\u00ed a la consideraci\u00f3n de la Confederaci\u00f3n Argentina de Judo (CAJ), en su primer Nacional 2019 ya que en el Apertura de Bariloche no fue de la partida.<\/p>\n<p>De esta manera <strong>Ana Paula Vallarino<\/strong> confirma antecedentes, que la llevaron a ser Selecci\u00f3n Nacional, y con medallas en el Sudamericana y Panamericano de Carlos Paz, C\u00f3rdoba, en Julio de 2018, en donde logr\u00f3 las medallas de plata y bronce, respectivamente.<\/p>\n<p><strong>ASI SIGUE: ACTO APERTURA<br \/>\n<\/strong>El Acto Apertura, con el desfile de todas las delegaciones y la presencia de autoridades locales, provinciales y nacionales, se llevar\u00e1 a cabo este s\u00e1bado a partir 15 horas, antes de dar inicio a la categor\u00eda Senior.<\/p>\n<p><strong>PROGRAMA<\/strong><\/p>\n<p><strong>S\u00e1bado 12\/10<br \/>\n<\/strong>Kyu Novicio, a partir de las 9.00 horas.<\/p>\n<p>Infantil \u201cA\u201d, a partir de las 11.00 horas.<\/p>\n<p>Senior, a partir de las 15.00 horas.<\/p>\n<p><strong>Domingo 13\/10<br \/>\n<\/strong>Kyu Graduado, a partir de las 9.00 horas.<\/p>\n<p>Infantil \u201cB\u201d, a partir de las 11.00 horas.<\/p>\n","protected":false},"excerpt":{"rendered":"<p>(Viernes 11 de octubre de 2019). La judoca del Club de Regatas Corrientes, Ana Paula Vallarino, se colg\u00f3 la presea de oro en la categor\u00eda hasta 40 kilogramos en la jornada inaugural del Campeonato Nacional Clausura de Judo que comenz\u00f3 este viernes en el estadio \u201cJos\u00e9 Jorge Contte\u201d. En su regreso a la actividad, la &hellip;<\/p>\n","protected":false},"author":1,"featured_media":22668,"comment_status":"closed","ping_status":"closed","sticky":false,"template":"","format":"standard","meta":{"footnotes":""},"categories":[17,156],"tags":[],"_links":{"self":[{"href":"https:\/\/crc.org.ar\/w\/wp-json\/wp\/v2\/posts\/22663"}],"collection":[{"href":"https:\/\/crc.org.ar\/w\/wp-json\/wp\/v2\/posts"}],"about":[{"href":"https:\/\/crc.org.ar\/w\/wp-json\/wp\/v2\/types\/post"}],"author":[{"embeddable":true,"href":"https:\/\/crc.org.ar\/w\/wp-json\/wp\/v2\/users\/1"}],"replies":[{"embeddable":true,"href":"https:\/\/crc.org.ar\/w\/wp-json\/wp\/v2\/comments?post=22663"}],"version-history":[{"count":1,"href":"https:\/\/crc.org.ar\/w\/wp-json\/wp\/v2\/posts\/22663\/revisions"}],"predecessor-version":[{"id":22669,"href":"https:\/\/crc.org.ar\/w\/wp-json\/wp\/v2\/posts\/22663\/revisions\/22669"}],"wp:featuredmedia":[{"embeddable":true,"href":"https:\/\/crc.org.ar\/w\/wp-json\/wp\/v2\/media\/22668"}],"wp:attachment":[{"href":"https:\/\/crc.org.ar\/w\/wp-json\/wp\/v2\/media?parent=22663"}],"wp:term":[{"taxonomy":"category","embeddable":true,"href":"https:\/\/crc.org.ar\/w\/wp-json\/wp\/v2\/categories?post=22663"},{"taxonomy":"post_tag","embeddable":true,"href":"https:\/\/crc.org.ar\/w\/wp-json\/wp\/v2\/tags?post=22663"}],"curies":[{"name":"wp","href":"https:\/\/api.w.org\/{rel}","templated":true}]}}