{"id":22680,"date":"2019-10-12T18:00:57","date_gmt":"2019-10-12T21:00:57","guid":{"rendered":"https:\/\/crc.org.ar\/w\/?p=22680"},"modified":"2019-10-12T18:30:52","modified_gmt":"2019-10-12T21:30:52","slug":"regatas-le-gano-a-colon-y-se-acomoda-en-la-punta","status":"publish","type":"post","link":"https:\/\/crc.org.ar\/w\/regatas-le-gano-a-colon-y-se-acomoda-en-la-punta\/","title":{"rendered":"Regatas le gan\u00f3 a Col\u00f3n y se acomoda en la punta"},"content":{"rendered":"<p>(S\u00e1bado 12 de octubre de 2019). El viernes por la noche, Regatas Corrientes le gan\u00f3 a Col\u00f3n por 60 a 53, en un partidazo correspondiente al postergado de la primera fecha del Torneo Oficial. Con la victoria, el \u201cremero\u201d se acomod\u00f3 como \u00fanico puntero.<\/p>\n<p><!--more--><\/p>\n<p>El viernes por la noche, en cancha de Col\u00f3n, Regatas y el local completaron la primera fecha del Torneo Oficial de Primera Divisi\u00f3n, que se hab\u00eda postergado por el Argentino de selecciones. El duelo qued\u00f3 para los \u201cfantasmas\u201d por 60 a 53, con un gran juego del equipo sobre las individualidades.<\/p>\n<p>Ya en el partido, las cosas comenzaron un poco trabadas, con ambos equipos estudi\u00e1ndose y con poca eficacia en ataque, marcando el tablero 10 a 9 para Regatas en 6 minutos y fracci\u00f3n. All\u00ed apareci\u00f3 Monz\u00f3n con 5 puntos seguidos, para poner las cosas 15 a 13 para su equipo en el final del primer periodo.<\/p>\n<div id='gallery-1' class='gallery galleryid-22680 gallery-columns-4 gallery-size-thumbnail'><figure class='gallery-item'>\n\t\t\t<div class='gallery-icon landscape'>\n\t\t\t\t<a href='https:\/\/crc.org.ar\/w\/wp-content\/uploads\/2019\/10\/fans.jpeg'><img loading=\"lazy\" decoding=\"async\" width=\"150\" height=\"150\" src=\"https:\/\/crc.org.ar\/w\/wp-content\/uploads\/2019\/10\/fans-150x150.jpeg\" class=\"attachment-thumbnail size-thumbnail\" alt=\"\" \/><\/a>\n\t\t\t<\/div><\/figure><figure class='gallery-item'>\n\t\t\t<div class='gallery-icon landscape'>\n\t\t\t\t<a href='https:\/\/crc.org.ar\/w\/wp-content\/uploads\/2019\/10\/festejo1-e1570915829941.jpeg'><img loading=\"lazy\" decoding=\"async\" width=\"150\" height=\"150\" src=\"https:\/\/crc.org.ar\/w\/wp-content\/uploads\/2019\/10\/festejo1-e1570915829941-150x150.jpeg\" class=\"attachment-thumbnail size-thumbnail\" alt=\"\" \/><\/a>\n\t\t\t<\/div><\/figure><figure class='gallery-item'>\n\t\t\t<div class='gallery-icon portrait'>\n\t\t\t\t<a href='https:\/\/crc.org.ar\/w\/wp-content\/uploads\/2019\/10\/Franchela.jpeg'><img loading=\"lazy\" decoding=\"async\" width=\"150\" height=\"150\" src=\"https:\/\/crc.org.ar\/w\/wp-content\/uploads\/2019\/10\/Franchela-150x150.jpeg\" class=\"attachment-thumbnail size-thumbnail\" alt=\"\" srcset=\"https:\/\/crc.org.ar\/w\/wp-content\/uploads\/2019\/10\/Franchela-150x150.jpeg 150w, https:\/\/crc.org.ar\/w\/wp-content\/uploads\/2019\/10\/Franchela-768x775.jpeg 768w, https:\/\/crc.org.ar\/w\/wp-content\/uploads\/2019\/10\/Franchela.jpeg 856w\" sizes=\"(max-width: 150px) 100vw, 150px\" \/><\/a>\n\t\t\t<\/div><\/figure><figure class='gallery-item'>\n\t\t\t<div class='gallery-icon landscape'>\n\t\t\t\t<a href='https:\/\/crc.org.ar\/w\/wp-content\/uploads\/2019\/10\/Franchela1.jpeg'><img loading=\"lazy\" decoding=\"async\" width=\"150\" height=\"150\" src=\"https:\/\/crc.org.ar\/w\/wp-content\/uploads\/2019\/10\/Franchela1-150x150.jpeg\" class=\"attachment-thumbnail size-thumbnail\" alt=\"\" \/><\/a>\n\t\t\t<\/div><\/figure><figure class='gallery-item'>\n\t\t\t<div class='gallery-icon landscape'>\n\t\t\t\t<a href='https:\/\/crc.org.ar\/w\/wp-content\/uploads\/2019\/10\/Gauto-1.jpeg'><img loading=\"lazy\" decoding=\"async\" width=\"150\" height=\"150\" src=\"https:\/\/crc.org.ar\/w\/wp-content\/uploads\/2019\/10\/Gauto-1-150x150.jpeg\" class=\"attachment-thumbnail size-thumbnail\" alt=\"\" \/><\/a>\n\t\t\t<\/div><\/figure><figure class='gallery-item'>\n\t\t\t<div class='gallery-icon landscape'>\n\t\t\t\t<a href='https:\/\/crc.org.ar\/w\/wp-content\/uploads\/2019\/10\/Gauto1-2.jpeg'><img loading=\"lazy\" decoding=\"async\" width=\"150\" height=\"150\" src=\"https:\/\/crc.org.ar\/w\/wp-content\/uploads\/2019\/10\/Gauto1-2-150x150.jpeg\" class=\"attachment-thumbnail size-thumbnail\" alt=\"\" \/><\/a>\n\t\t\t<\/div><\/figure><figure class='gallery-item'>\n\t\t\t<div class='gallery-icon landscape'>\n\t\t\t\t<a href='https:\/\/crc.org.ar\/w\/wp-content\/uploads\/2019\/10\/Gauto2.jpeg'><img loading=\"lazy\" decoding=\"async\" width=\"150\" height=\"150\" src=\"https:\/\/crc.org.ar\/w\/wp-content\/uploads\/2019\/10\/Gauto2-150x150.jpeg\" class=\"attachment-thumbnail size-thumbnail\" alt=\"\" \/><\/a>\n\t\t\t<\/div><\/figure><figure class='gallery-item'>\n\t\t\t<div class='gallery-icon landscape'>\n\t\t\t\t<a href='https:\/\/crc.org.ar\/w\/wp-content\/uploads\/2019\/10\/Marco-1.jpeg'><img loading=\"lazy\" decoding=\"async\" width=\"150\" height=\"150\" src=\"https:\/\/crc.org.ar\/w\/wp-content\/uploads\/2019\/10\/Marco-1-150x150.jpeg\" class=\"attachment-thumbnail size-thumbnail\" alt=\"\" \/><\/a>\n\t\t\t<\/div><\/figure><figure class='gallery-item'>\n\t\t\t<div class='gallery-icon landscape'>\n\t\t\t\t<a href='https:\/\/crc.org.ar\/w\/wp-content\/uploads\/2019\/10\/Marco1.jpeg'><img loading=\"lazy\" decoding=\"async\" width=\"150\" height=\"150\" src=\"https:\/\/crc.org.ar\/w\/wp-content\/uploads\/2019\/10\/Marco1-150x150.jpeg\" class=\"attachment-thumbnail size-thumbnail\" alt=\"\" \/><\/a>\n\t\t\t<\/div><\/figure><figure class='gallery-item'>\n\t\t\t<div class='gallery-icon landscape'>\n\t\t\t\t<a href='https:\/\/crc.org.ar\/w\/wp-content\/uploads\/2019\/10\/Scacchi.jpeg'><img loading=\"lazy\" decoding=\"async\" width=\"150\" height=\"150\" src=\"https:\/\/crc.org.ar\/w\/wp-content\/uploads\/2019\/10\/Scacchi-150x150.jpeg\" class=\"attachment-thumbnail size-thumbnail\" alt=\"\" \/><\/a>\n\t\t\t<\/div><\/figure><figure class='gallery-item'>\n\t\t\t<div class='gallery-icon landscape'>\n\t\t\t\t<a href='https:\/\/crc.org.ar\/w\/wp-content\/uploads\/2019\/10\/Turraca-2.jpeg'><img loading=\"lazy\" decoding=\"async\" width=\"150\" height=\"150\" src=\"https:\/\/crc.org.ar\/w\/wp-content\/uploads\/2019\/10\/Turraca-2-150x150.jpeg\" class=\"attachment-thumbnail size-thumbnail\" alt=\"\" \/><\/a>\n\t\t\t<\/div><\/figure><figure class='gallery-item'>\n\t\t\t<div class='gallery-icon landscape'>\n\t\t\t\t<a href='https:\/\/crc.org.ar\/w\/wp-content\/uploads\/2019\/10\/Zalazar-2.jpeg'><img loading=\"lazy\" decoding=\"async\" width=\"150\" height=\"150\" src=\"https:\/\/crc.org.ar\/w\/wp-content\/uploads\/2019\/10\/Zalazar-2-150x150.jpeg\" class=\"attachment-thumbnail size-thumbnail\" alt=\"\" \/><\/a>\n\t\t\t<\/div><\/figure>\n\t\t<\/div>\n\n<p>En el segundo cuarto, los de Mascar\u00f3 salieron totalmente decididos, y metieron un terrible parcial de 13 a 1, para pasar a ganar 23 a 16 con 3 minutos y fracci\u00f3n de juego. Pero el \u201cremero\u201d continu\u00f3 con un gran juego ofensivo, sobre todo de Marco (10 en el cuarto), y si bien el rival consigui\u00f3 amigarse con el aro, la visita nunca le dej\u00f3 acercarse, llegando a sacarle 12, 35 a 23 con 2 minutos por jugar. Sobre el cierre Col\u00f3n logr\u00f3 descontar, y se fueron al entretiempo 37 a 26 en favor del \u201cfantasma\u201d.<\/p>\n<p>Tras el descanso largo, hubo un flojo inicio de Regatas en ofensiva, donde demor\u00f3 m\u00e1s de 4 minutos en anotar sus primeros puntos, mientras que los de calle Catamarca, anotaron un parcial de 4 a 0 en ese tiempo, poni\u00e9ndose 37 a 30. Pero all\u00ed al local se fue un poco del partido, ya que empez\u00f3 a fallar mucho en ataque, y cometieron dos faltas t\u00e9cnicas, que fueron bien aprovechadas por Regatas, que volvi\u00f3 a estirar la diferencia y sac\u00f3 la m\u00e1xima del juego con 3 minutos por jugar, 49 a 33.<\/p>\n<p>A Col\u00f3n le cost\u00f3 mucho el tercer cuarto, pero pudo cerrarlo acortando un poco la diferencia que hab\u00eda conseguido el \u201cremero\u201d, y\u00e9ndose as\u00ed al \u00faltimo cap\u00edtulo por 13 puntos abajo, 49 a 36.<\/p>\n<p>En el \u00faltimo cuarto, el juego se mantuvo parejo en los primeros minutos, y el equipo del \u00a0\u201cparque\u201d logr\u00f3 mantener la diferencia que hab\u00eda conseguido, marcando el tablero 54 a 42 en 5 minutos. Cuando parec\u00eda que el juego ya quedaba en manos de los de Mascar\u00f3, Col\u00f3n volvi\u00f3 a reaccionar, de la mano de Vallejos y Monz\u00f3n, y se pudo poner a solo 5 puntos, 58 a 53 con 45 segundos por jugar.<\/p>\n<p>Sin embargo, en la jugada siguiente, Regatas tuvo paciencia en la ofensiva y encontr\u00f3 el hueco de la mano de Scacchi, que con un tremenda volcada, termin\u00f3 de sentenciar el partido en favor de Regatas por 60 a 53.<\/p>\n<p>As\u00ed, con este triunfo, el \u201cremero\u201d queda como \u00fanico puntero del Torneo Oficial con 16 puntos, producto de 7 victorias y 2 derrotas (Alvear y Col\u00f3n), superando a Alvear que qued\u00f3 con 15. Y por su parte Col\u00f3n, suma su segunda derrota en fila, tras haber ca\u00eddo con Juventus el \u00faltimo mi\u00e9rcoles.<\/p>\n<p><strong>LA S\u00cdNTESIS<\/strong><\/p>\n<p><strong>Regatas (60): <\/strong>Enzo Alvaredo 3, Gast\u00f3n Turraca 5, Fabio Gauto 11, Gianluca Dondo 0 y Franco Zalazar 4 (x) (FI); Facundo Gonz\u00e1lez 0, Ignacio Marc\u00f3 12, Juan Cruz Scacchi 9, Tob\u00edas Franchela 8, y Joaqu\u00edn Marc\u00f3n 8. <strong>DT<\/strong>: Juan Pablo Mascar\u00f3.<\/p>\n<p><strong>Col\u00f3n (53):<\/strong>, Lautaro B\u00e1ez 4, Agust\u00edn Tabernero 0, Ayrton Sequeira 8, Lucio S\u00e1nchez 4 y Emilio Vallejos 14 (FI); Pablo Quagliozzi 5, Jonatan Monz\u00f3n 16, y Agust\u00edn Piasentini 2. <strong>DT<\/strong>: Carlos Villalba.<\/p>\n<p><strong>S\u00edntesis: <\/strong>13\/15, 37\/26 (24\/11), 49\/36 (12\/10), 60\/53 (11\/17).<\/p>\n<p><strong>Jueces: <\/strong>Ignacio Leiva y Joaqu\u00edn L\u00f3pez.<strong> Estadio: <\/strong>Club Col\u00f3n.<\/p>\n","protected":false},"excerpt":{"rendered":"<p>(S\u00e1bado 12 de octubre de 2019). El viernes por la noche, Regatas Corrientes le gan\u00f3 a Col\u00f3n por 60 a 53, en un partidazo correspondiente al postergado de la primera fecha del Torneo Oficial. Con la victoria, el \u201cremero\u201d se acomod\u00f3 como \u00fanico puntero. El viernes por la noche, en cancha de Col\u00f3n, Regatas y &hellip;<\/p>\n","protected":false},"author":1,"featured_media":22683,"comment_status":"closed","ping_status":"closed","sticky":false,"template":"","format":"standard","meta":{"footnotes":""},"categories":[80,156],"tags":[],"_links":{"self":[{"href":"https:\/\/crc.org.ar\/w\/wp-json\/wp\/v2\/posts\/22680"}],"collection":[{"href":"https:\/\/crc.org.ar\/w\/wp-json\/wp\/v2\/posts"}],"about":[{"href":"https:\/\/crc.org.ar\/w\/wp-json\/wp\/v2\/types\/post"}],"author":[{"embeddable":true,"href":"https:\/\/crc.org.ar\/w\/wp-json\/wp\/v2\/users\/1"}],"replies":[{"embeddable":true,"href":"https:\/\/crc.org.ar\/w\/wp-json\/wp\/v2\/comments?post=22680"}],"version-history":[{"count":1,"href":"https:\/\/crc.org.ar\/w\/wp-json\/wp\/v2\/posts\/22680\/revisions"}],"predecessor-version":[{"id":22694,"href":"https:\/\/crc.org.ar\/w\/wp-json\/wp\/v2\/posts\/22680\/revisions\/22694"}],"wp:featuredmedia":[{"embeddable":true,"href":"https:\/\/crc.org.ar\/w\/wp-json\/wp\/v2\/media\/22683"}],"wp:attachment":[{"href":"https:\/\/crc.org.ar\/w\/wp-json\/wp\/v2\/media?parent=22680"}],"wp:term":[{"taxonomy":"category","embeddable":true,"href":"https:\/\/crc.org.ar\/w\/wp-json\/wp\/v2\/categories?post=22680"},{"taxonomy":"post_tag","embeddable":true,"href":"https:\/\/crc.org.ar\/w\/wp-json\/wp\/v2\/tags?post=22680"}],"curies":[{"name":"wp","href":"https:\/\/api.w.org\/{rel}","templated":true}]}}