{"id":22695,"date":"2019-10-12T18:05:57","date_gmt":"2019-10-12T21:05:57","guid":{"rendered":"https:\/\/crc.org.ar\/w\/?p=22695"},"modified":"2019-10-12T18:33:49","modified_gmt":"2019-10-12T21:33:49","slug":"nicolas-astorga-bicampeon-nacional","status":"publish","type":"post","link":"https:\/\/crc.org.ar\/w\/nicolas-astorga-bicampeon-nacional\/","title":{"rendered":"Nicol\u00e1s Astorga bicampe\u00f3n Nacional"},"content":{"rendered":"<p>(S\u00e1bado 12 de octubre de 2019). El judoca del Club de Regatas Corrientes, <strong>Nicol\u00e1s Astorga<\/strong> se consagr\u00f3 bicampe\u00f3n Nacional en la segunda jornada del Campeonato Clausura de Judo, en la categor\u00eda Junior hasta 73 kilogramos, que se viene desarrollando en el estadio \u201cJos\u00e9 Jorge Contte\u201d.<\/p>\n<p><!--more--><\/p>\n<p><img loading=\"lazy\" decoding=\"async\" class=\"alignleft size-medium wp-image-22696\" src=\"https:\/\/crc.org.ar\/w\/wp-content\/uploads\/2019\/10\/Nico-Astorga-300x157.jpg\" alt=\"\" width=\"300\" height=\"157\" srcset=\"https:\/\/crc.org.ar\/w\/wp-content\/uploads\/2019\/10\/Nico-Astorga-300x157.jpg 300w, https:\/\/crc.org.ar\/w\/wp-content\/uploads\/2019\/10\/Nico-Astorga-768x402.jpg 768w, https:\/\/crc.org.ar\/w\/wp-content\/uploads\/2019\/10\/Nico-Astorga.jpg 994w\" sizes=\"(max-width: 300px) 100vw, 300px\" \/>Repitiendo lo hecho en Bariloche, en el Nacional Apertura 2019, el judoca del Club de Regatas Corrientes, <strong>Nicol\u00e1s Astorga<\/strong>, se consagr\u00f3 campe\u00f3n Nacional Clausura 2019 en la categor\u00eda Junior hasta 73 kilogramos.<\/p>\n<p><strong>Nicol\u00e1s Astorga<\/strong> tuvo una actuaci\u00f3n memorable en su casa, en el estadio \u201cJos\u00e9 Jorge Contte\u201d, al superar en semifinales a <strong>Agust\u00edn Bustos<\/strong> de C\u00f3rdoba, y en la final a <strong>Milton Torres <\/strong>de Intercolegial.<\/p>\n<p>De esta manera el judoca regatense confirma su n\u00famero uno en el ranking Nacional, que lo posicion\u00f3 dentro de la Selecci\u00f3n Argentina en su categor\u00eda, siendo convocado para el Sudamericano y Panamericano 2019 de Cali, Colombia.<\/p>\n<p>Astorga, que tambi\u00e9n form\u00f3 parte del Campus de Entrenamiento en Viedma (R\u00edo Negro), lamentablemente no pudo despu\u00e9s concurrir a las citas internacionales por la estampida del d\u00f3lar que hizo est\u00e9ril cualquier esfuerzo.<\/p>\n<p>Sin embargo el esfuerzo, las ganas, la categor\u00eda, y el tremendo judo que pr\u00e1ctica <strong>Nicol\u00e1s Astorga <\/strong>seguramente le dar\u00e1n otra oportunidad en la Selecci\u00f3n Nacional, en donde ya es \u201cabonado\u201d de un tiempo a esta parte.<\/p>\n","protected":false},"excerpt":{"rendered":"<p>(S\u00e1bado 12 de octubre de 2019). El judoca del Club de Regatas Corrientes, Nicol\u00e1s Astorga se consagr\u00f3 bicampe\u00f3n Nacional en la segunda jornada del Campeonato Clausura de Judo, en la categor\u00eda Junior hasta 73 kilogramos, que se viene desarrollando en el estadio \u201cJos\u00e9 Jorge Contte\u201d. Repitiendo lo hecho en Bariloche, en el Nacional Apertura 2019, &hellip;<\/p>\n","protected":false},"author":1,"featured_media":22696,"comment_status":"closed","ping_status":"closed","sticky":false,"template":"","format":"standard","meta":{"footnotes":""},"categories":[17,156],"tags":[],"_links":{"self":[{"href":"https:\/\/crc.org.ar\/w\/wp-json\/wp\/v2\/posts\/22695"}],"collection":[{"href":"https:\/\/crc.org.ar\/w\/wp-json\/wp\/v2\/posts"}],"about":[{"href":"https:\/\/crc.org.ar\/w\/wp-json\/wp\/v2\/types\/post"}],"author":[{"embeddable":true,"href":"https:\/\/crc.org.ar\/w\/wp-json\/wp\/v2\/users\/1"}],"replies":[{"embeddable":true,"href":"https:\/\/crc.org.ar\/w\/wp-json\/wp\/v2\/comments?post=22695"}],"version-history":[{"count":1,"href":"https:\/\/crc.org.ar\/w\/wp-json\/wp\/v2\/posts\/22695\/revisions"}],"predecessor-version":[{"id":22697,"href":"https:\/\/crc.org.ar\/w\/wp-json\/wp\/v2\/posts\/22695\/revisions\/22697"}],"wp:featuredmedia":[{"embeddable":true,"href":"https:\/\/crc.org.ar\/w\/wp-json\/wp\/v2\/media\/22696"}],"wp:attachment":[{"href":"https:\/\/crc.org.ar\/w\/wp-json\/wp\/v2\/media?parent=22695"}],"wp:term":[{"taxonomy":"category","embeddable":true,"href":"https:\/\/crc.org.ar\/w\/wp-json\/wp\/v2\/categories?post=22695"},{"taxonomy":"post_tag","embeddable":true,"href":"https:\/\/crc.org.ar\/w\/wp-json\/wp\/v2\/tags?post=22695"}],"curies":[{"name":"wp","href":"https:\/\/api.w.org\/{rel}","templated":true}]}}