{"id":22767,"date":"2019-10-15T16:15:47","date_gmt":"2019-10-15T19:15:47","guid":{"rendered":"https:\/\/crc.org.ar\/w\/?p=22767"},"modified":"2019-10-15T17:03:41","modified_gmt":"2019-10-15T20:03:41","slug":"san-martin-regatas-el-clasico-se-traslada-a-la-abcc","status":"publish","type":"post","link":"https:\/\/crc.org.ar\/w\/san-martin-regatas-el-clasico-se-traslada-a-la-abcc\/","title":{"rendered":"San Mart\u00edn \u2013 Regatas, el cl\u00e1sico se traslada a la ABCC"},"content":{"rendered":"<p>(Martes 15 de octubre de 2019). El mi\u00e9rcoles por la noche habr\u00e1 nueva edici\u00f3n del cl\u00e1sico correntino, donde Regatas Corrientes visitar\u00e1 a San Mart\u00edn, por la d\u00e9cima fecha del Torneo Oficial de la ABCC. El \u201cremero\u201d llega como \u00fanico puntero.<\/p>\n<p><!--more--><\/p>\n<p><img loading=\"lazy\" decoding=\"async\" class=\"alignleft size-medium wp-image-22768\" src=\"https:\/\/crc.org.ar\/w\/wp-content\/uploads\/2019\/10\/Turraca-3-300x186.jpeg\" alt=\"\" width=\"300\" height=\"186\" srcset=\"https:\/\/crc.org.ar\/w\/wp-content\/uploads\/2019\/10\/Turraca-3-300x186.jpeg 300w, https:\/\/crc.org.ar\/w\/wp-content\/uploads\/2019\/10\/Turraca-3-768x477.jpeg 768w, https:\/\/crc.org.ar\/w\/wp-content\/uploads\/2019\/10\/Turraca-3.jpeg 1001w\" sizes=\"(max-width: 300px) 100vw, 300px\" \/>El mi\u00e9rcoles por la noche, en el \u201cFort\u00edn Rojinegro\u201d, Regatas Corrientes y San Mart\u00edn se ver\u00e1n las caras, reeditando el cl\u00e1sico correntino, esta vez por la d\u00e9cima fecha del Torneo Oficial de Primera de la Asociaci\u00f3n de B\u00e1squet de la Ciudad de Corrientes (ABCC).<\/p>\n<p>El duelo, est\u00e1 previsto para las 22:15 en la cancha del Club San Mart\u00edn. Previamente al cl\u00e1sico, a las 21, se estar\u00e1n enfrentando Col\u00f3n y Uni\u00f3n Arroyito.<\/p>\n<p>Para el duelo, los \u201cfantasmas\u201d llegan como \u00fanicos punteros del Oficial con 16 puntos (Alvear con 15 se ubica segundo), producto de 7 victorias y solo 2 derrotas (Alvear y Col\u00f3n).<\/p>\n<p>Por su parte, el \u201crojinegro\u201d, llega en la tercera ubicaci\u00f3n, con un total de 14 puntos, resultado de 6 victorias y dos derrotas (Regatas y Col\u00f3n), con a\u00fan un partido adeudado frente a C\u00f3rdoba, correspondiente a la segunda fecha del Oficial.<\/p>\n<p>Por ello, este duelo ser\u00e1 clave, ya que si el \u201crojinegro\u201d logra quedarse con la victoria, quedar\u00e1 virtualmente como puntero, ya que cuando complete la fecha frente a c\u00f3rdoba, podr\u00e1 alcanzar a Regatas en la cima (caso de perder) o superarlo (si gana). Y en caso de que el ganador sea el \u201cremero\u201d, se despegar\u00e1 de sus rivales en la tabla con cuatro fechas por jugar.<\/p>\n<p>Por otro lado, <strong>Juan Pablo Mascar\u00f3<\/strong>, no podr\u00e1 contar para el duelo trascendental con <strong>Fabio Gauto<\/strong>, quien se encuentra en la preselecci\u00f3n Argentina de la categor\u00eda U17 en el CENARD, de cara al sudamericano que se jugar\u00e1 en Chile.<\/p>\n","protected":false},"excerpt":{"rendered":"<p>(Martes 15 de octubre de 2019). El mi\u00e9rcoles por la noche habr\u00e1 nueva edici\u00f3n del cl\u00e1sico correntino, donde Regatas Corrientes visitar\u00e1 a San Mart\u00edn, por la d\u00e9cima fecha del Torneo Oficial de la ABCC. El \u201cremero\u201d llega como \u00fanico puntero. El mi\u00e9rcoles por la noche, en el \u201cFort\u00edn Rojinegro\u201d, Regatas Corrientes y San Mart\u00edn se &hellip;<\/p>\n","protected":false},"author":1,"featured_media":22768,"comment_status":"closed","ping_status":"closed","sticky":false,"template":"","format":"standard","meta":{"footnotes":""},"categories":[80,156],"tags":[],"_links":{"self":[{"href":"https:\/\/crc.org.ar\/w\/wp-json\/wp\/v2\/posts\/22767"}],"collection":[{"href":"https:\/\/crc.org.ar\/w\/wp-json\/wp\/v2\/posts"}],"about":[{"href":"https:\/\/crc.org.ar\/w\/wp-json\/wp\/v2\/types\/post"}],"author":[{"embeddable":true,"href":"https:\/\/crc.org.ar\/w\/wp-json\/wp\/v2\/users\/1"}],"replies":[{"embeddable":true,"href":"https:\/\/crc.org.ar\/w\/wp-json\/wp\/v2\/comments?post=22767"}],"version-history":[{"count":1,"href":"https:\/\/crc.org.ar\/w\/wp-json\/wp\/v2\/posts\/22767\/revisions"}],"predecessor-version":[{"id":22769,"href":"https:\/\/crc.org.ar\/w\/wp-json\/wp\/v2\/posts\/22767\/revisions\/22769"}],"wp:featuredmedia":[{"embeddable":true,"href":"https:\/\/crc.org.ar\/w\/wp-json\/wp\/v2\/media\/22768"}],"wp:attachment":[{"href":"https:\/\/crc.org.ar\/w\/wp-json\/wp\/v2\/media?parent=22767"}],"wp:term":[{"taxonomy":"category","embeddable":true,"href":"https:\/\/crc.org.ar\/w\/wp-json\/wp\/v2\/categories?post=22767"},{"taxonomy":"post_tag","embeddable":true,"href":"https:\/\/crc.org.ar\/w\/wp-json\/wp\/v2\/tags?post=22767"}],"curies":[{"name":"wp","href":"https:\/\/api.w.org\/{rel}","templated":true}]}}