{"id":22887,"date":"2019-10-22T16:05:45","date_gmt":"2019-10-22T19:05:45","guid":{"rendered":"https:\/\/crc.org.ar\/w\/?p=22887"},"modified":"2019-10-22T16:50:33","modified_gmt":"2019-10-22T19:50:33","slug":"diego-breard-gano-la-categoria-segunda-en-la-liga-atmar","status":"publish","type":"post","link":"https:\/\/crc.org.ar\/w\/diego-breard-gano-la-categoria-segunda-en-la-liga-atmar\/","title":{"rendered":"Diego Breard gan\u00f3 la categor\u00eda  Segunda en la Liga ATMAR"},"content":{"rendered":"<p>(Martes 22 de octubre de 2019). El pasado s\u00e1bado se llev\u00f3 a cabo la quinta y pen\u00faltima fecha de la Liga ATMAR de tenis de mesa en Reconquista, Santa Fe, nuevamente con importantes logros regatenses, como la consagraci\u00f3n de <strong>Diego Breard <\/strong>en la categor\u00eda Segunda.<\/p>\n<p><!--more--><\/p>\n<p>Preparando el cierre de la \u00a0temporada, el Club Centro Recreativos de Artesanos de la ciudad de Reconquista, provincia de Santa Fe, fue la sede de la quinta fecha de la Liga ATMAR (Agrupaci\u00f3n Tenis de Mesa de Avellaneda y Reconquista).<\/p>\n<div id='gallery-1' class='gallery galleryid-22887 gallery-columns-4 gallery-size-thumbnail'><figure class='gallery-item'>\n\t\t\t<div class='gallery-icon landscape'>\n\t\t\t\t<a href='https:\/\/crc.org.ar\/w\/wp-content\/uploads\/2019\/10\/Breard-primer-puest.jpeg'><img loading=\"lazy\" decoding=\"async\" width=\"150\" height=\"150\" src=\"https:\/\/crc.org.ar\/w\/wp-content\/uploads\/2019\/10\/Breard-primer-puest-150x150.jpeg\" class=\"attachment-thumbnail size-thumbnail\" alt=\"\" \/><\/a>\n\t\t\t<\/div><\/figure><figure class='gallery-item'>\n\t\t\t<div class='gallery-icon portrait'>\n\t\t\t\t<a href='https:\/\/crc.org.ar\/w\/wp-content\/uploads\/2019\/10\/Breard-primer-puest0.jpeg'><img loading=\"lazy\" decoding=\"async\" width=\"150\" height=\"150\" src=\"https:\/\/crc.org.ar\/w\/wp-content\/uploads\/2019\/10\/Breard-primer-puest0-150x150.jpeg\" class=\"attachment-thumbnail size-thumbnail\" alt=\"\" \/><\/a>\n\t\t\t<\/div><\/figure><figure class='gallery-item'>\n\t\t\t<div class='gallery-icon portrait'>\n\t\t\t\t<a href='https:\/\/crc.org.ar\/w\/wp-content\/uploads\/2019\/10\/jaluf-segundo-puesto.jpeg'><img loading=\"lazy\" decoding=\"async\" width=\"150\" height=\"150\" src=\"https:\/\/crc.org.ar\/w\/wp-content\/uploads\/2019\/10\/jaluf-segundo-puesto-150x150.jpeg\" class=\"attachment-thumbnail size-thumbnail\" alt=\"\" \/><\/a>\n\t\t\t<\/div><\/figure><figure class='gallery-item'>\n\t\t\t<div class='gallery-icon portrait'>\n\t\t\t\t<a href='https:\/\/crc.org.ar\/w\/wp-content\/uploads\/2019\/10\/meda-tercer-puesto.jpeg'><img loading=\"lazy\" decoding=\"async\" width=\"150\" height=\"150\" src=\"https:\/\/crc.org.ar\/w\/wp-content\/uploads\/2019\/10\/meda-tercer-puesto-150x150.jpeg\" class=\"attachment-thumbnail size-thumbnail\" alt=\"\" \/><\/a>\n\t\t\t<\/div><\/figure>\n\t\t<\/div>\n\n<p>Como en las cuatro primeras fechas, jugadores de tenis de mesa del Club de Regatas Corrientes, bajo la conducci\u00f3n t\u00e9cnica del instructor <strong>Cayetano Troia<\/strong>, volvieron a decir presente y a lograr importantes resultados.<\/p>\n<p>En la categor\u00eda Primera, <strong>Cayetano Troia<\/strong> hizo podio al terminar en la tercera ubicaci\u00f3n. En tanto <strong>Diego Breard<\/strong> se qued\u00f3 con la categor\u00eda Segunda. Mientras que <strong>Joaqu\u00edn Jaluf<\/strong> fue segundo en la categor\u00eda, y <strong>Rodrigo Meda<\/strong> tercero.<\/p>\n<p><strong>LOS PODIOS<br \/>\n<\/strong><strong>Primera:<\/strong> 1- Ezequiel Feres\u00edn (Reconquista), 2- Juan Gonz\u00e1lez (Reconquista), y 3- Maximiliano Sartor (Reconquista) y <strong>Cayetano Troia (Regatas Corrientes).<\/strong><\/p>\n<p><strong>Segunda<\/strong>: 1- <strong>Diego Breard (Regatas Corrientes),<\/strong> 2- Tomas Tourn (Reconquista), y 3- Lucas Barcelo (Reconquista) y Lautaro Sartor (Avellaneda)<\/p>\n<p><strong>Tercera<\/strong>: 1- Agust\u00edn Garc\u00eda (Reconquista), 2- <strong>Joaqu\u00edn Jaluf (Regatas Corrientes),<\/strong> y 3- Luca Raffin (Avellaneda) y <strong>Rodrigo Meda (Regatas Corrientes).<\/strong><\/p>\n<p>&nbsp;<\/p>\n","protected":false},"excerpt":{"rendered":"<p>(Martes 22 de octubre de 2019). El pasado s\u00e1bado se llev\u00f3 a cabo la quinta y pen\u00faltima fecha de la Liga ATMAR de tenis de mesa en Reconquista, Santa Fe, nuevamente con importantes logros regatenses, como la consagraci\u00f3n de Diego Breard en la categor\u00eda Segunda. Preparando el cierre de la \u00a0temporada, el Club Centro Recreativos &hellip;<\/p>\n","protected":false},"author":1,"featured_media":22892,"comment_status":"closed","ping_status":"closed","sticky":false,"template":"","format":"standard","meta":{"footnotes":""},"categories":[156,13],"tags":[],"_links":{"self":[{"href":"https:\/\/crc.org.ar\/w\/wp-json\/wp\/v2\/posts\/22887"}],"collection":[{"href":"https:\/\/crc.org.ar\/w\/wp-json\/wp\/v2\/posts"}],"about":[{"href":"https:\/\/crc.org.ar\/w\/wp-json\/wp\/v2\/types\/post"}],"author":[{"embeddable":true,"href":"https:\/\/crc.org.ar\/w\/wp-json\/wp\/v2\/users\/1"}],"replies":[{"embeddable":true,"href":"https:\/\/crc.org.ar\/w\/wp-json\/wp\/v2\/comments?post=22887"}],"version-history":[{"count":1,"href":"https:\/\/crc.org.ar\/w\/wp-json\/wp\/v2\/posts\/22887\/revisions"}],"predecessor-version":[{"id":22893,"href":"https:\/\/crc.org.ar\/w\/wp-json\/wp\/v2\/posts\/22887\/revisions\/22893"}],"wp:featuredmedia":[{"embeddable":true,"href":"https:\/\/crc.org.ar\/w\/wp-json\/wp\/v2\/media\/22892"}],"wp:attachment":[{"href":"https:\/\/crc.org.ar\/w\/wp-json\/wp\/v2\/media?parent=22887"}],"wp:term":[{"taxonomy":"category","embeddable":true,"href":"https:\/\/crc.org.ar\/w\/wp-json\/wp\/v2\/categories?post=22887"},{"taxonomy":"post_tag","embeddable":true,"href":"https:\/\/crc.org.ar\/w\/wp-json\/wp\/v2\/tags?post=22887"}],"curies":[{"name":"wp","href":"https:\/\/api.w.org\/{rel}","templated":true}]}}