{"id":23125,"date":"2019-10-27T19:05:33","date_gmt":"2019-10-27T22:05:33","guid":{"rendered":"https:\/\/crc.org.ar\/w\/?p=23125"},"modified":"2019-10-27T19:52:55","modified_gmt":"2019-10-27T22:52:55","slug":"regatas-protagonista-en-las-formativas-de-la-abcc","status":"publish","type":"post","link":"https:\/\/crc.org.ar\/w\/regatas-protagonista-en-las-formativas-de-la-abcc\/","title":{"rendered":"Regatas protagonista en  las formativas de la ABCC"},"content":{"rendered":"<p>(Domingo 27 de octubre de 2019). Se cerr\u00f3 la temporada regular en todas las categor\u00edas formativas de la ABCC y Regatas termin\u00f3 primero en todas ellas. La pr\u00f3xima semana comenzaran los cruces de semifinales.<\/p>\n<p><!--more--><\/p>\n<p><img loading=\"lazy\" decoding=\"async\" class=\"alignleft size-medium wp-image-23126\" src=\"https:\/\/crc.org.ar\/w\/wp-content\/uploads\/2019\/10\/U15-300x200.jpeg\" alt=\"\" width=\"300\" height=\"200\" srcset=\"https:\/\/crc.org.ar\/w\/wp-content\/uploads\/2019\/10\/U15-300x200.jpeg 300w, https:\/\/crc.org.ar\/w\/wp-content\/uploads\/2019\/10\/U15-768x512.jpeg 768w, https:\/\/crc.org.ar\/w\/wp-content\/uploads\/2019\/10\/U15-1024x682.jpeg 1024w, https:\/\/crc.org.ar\/w\/wp-content\/uploads\/2019\/10\/U15.jpeg 1280w\" sizes=\"(max-width: 300px) 100vw, 300px\" \/>La competencia de b\u00e1squetbol formativo de la Asociaci\u00f3n de B\u00e1squet de la Ciudad de Corrientes (ABCC), desde U13 hasta\u00a0 U19, concluy\u00f3 en su fase puntuable, y los distintos equipos de Regatas fueron protagonistas en todas ellas.<\/p>\n<p>Regatas Corrientes A finaliz\u00f3 primero en las 4 categor\u00edas, mientras que en U15 y U7 los equipos de Regatas B consiguieron boletos para la semifinal tambi\u00e9n.<\/p>\n<p>Los m\u00e1s peque\u00f1os, los U13, cual torneo pertenece a la Departamental de Minib\u00e1squet, finalizaron primeros luego de disputada toda la primera fase. Ahora, los dirigidos de <strong>Germ\u00e1n Rold\u00e1n <\/strong>deber\u00e1n jugar las semifinales frente a El Tala, mientras que San Mart\u00edn que finaliz\u00f3 segundo jugar\u00e1 con H\u00e9rcules.<\/p>\n<p>Por su parte, el U13 B, dirigido por <strong>Patricio Z\u00e1rate<\/strong>, qued\u00f3 en la quinta ubicaci\u00f3n, por lo que estar\u00e1 jugando el cuadrangular de la copa \u201cest\u00edmulo\u201d.<\/p>\n<p>En U15, Regatas A termin\u00f3 primero, en segundo lugar H\u00e9rcules, tercero San Mart\u00edn y en cuarto lugar Regatas B. El A, dirigido por <strong>Alejandro Silveira<\/strong>, se tendr\u00e1 que medir en las semifinales con el B, el equipo de <strong>Lautaro Font\u00e1n<\/strong>. Mientras que H\u00e9rcules y San Mart\u00edn buscar\u00e1n el otro pasaje a la final.<\/p>\n<p>Por otro lado, el U15 C de Regatas, dirigidos por <strong>Patricio Z\u00e1rate<\/strong>, finaliz\u00f3 en la s\u00e9ptima posici\u00f3n de la zona B.<\/p>\n<p>En U17 sucedi\u00f3 lo mismo. Regatas A qued\u00f3 primero, H\u00e9rcules segundo, San Mart\u00edn tercero y Regatas B cuarto. Por lo que en las semifinales, los equipos de <strong>Silveira<\/strong> y <strong>Font\u00e1n<\/strong>\u00a0 se cruzar\u00e1n tambi\u00e9n en busca de la final, mientras que H\u00e9rcules y San Mart\u00edn har\u00e1n lo propio.<\/p>\n<p>Los m\u00e1s grandes, la categor\u00eda U19 extendida (se puede tener hasta 5 U21), los \u201cremeros\u201d del equipo A finalizaron primeros tambi\u00e9n, pero luego cambi\u00f3 el orden de los perseguidores. San Mart\u00edn termin\u00f3 segundo con la misma cantidad de puntos, pero por debajo por diferencia de goles, Juventus termin\u00f3 tercero, y en cuarto lugar H\u00e9rcules.<\/p>\n<p>Entonces, los de <strong>Juan Pablo Mascar\u00f3<\/strong>estar\u00e1n jugando con H\u00e9rcules en las semifinales, mientras que San Mart\u00edn se medir\u00e1 con Juventus. Por otra parte, el U19 B termin\u00f3 octavo y jugar\u00e1 la copa \u201cest\u00edmulo\u201d, donde se enfrentar\u00e1 a C\u00f3rdoba, y en la otra llave H\u00e9rcules B jugar\u00e1 con Alvear.<\/p>\n","protected":false},"excerpt":{"rendered":"<p>(Domingo 27 de octubre de 2019). Se cerr\u00f3 la temporada regular en todas las categor\u00edas formativas de la ABCC y Regatas termin\u00f3 primero en todas ellas. La pr\u00f3xima semana comenzaran los cruces de semifinales. La competencia de b\u00e1squetbol formativo de la Asociaci\u00f3n de B\u00e1squet de la Ciudad de Corrientes (ABCC), desde U13 hasta\u00a0 U19, concluy\u00f3 &hellip;<\/p>\n","protected":false},"author":1,"featured_media":23127,"comment_status":"closed","ping_status":"closed","sticky":false,"template":"","format":"standard","meta":{"footnotes":""},"categories":[80,156],"tags":[],"_links":{"self":[{"href":"https:\/\/crc.org.ar\/w\/wp-json\/wp\/v2\/posts\/23125"}],"collection":[{"href":"https:\/\/crc.org.ar\/w\/wp-json\/wp\/v2\/posts"}],"about":[{"href":"https:\/\/crc.org.ar\/w\/wp-json\/wp\/v2\/types\/post"}],"author":[{"embeddable":true,"href":"https:\/\/crc.org.ar\/w\/wp-json\/wp\/v2\/users\/1"}],"replies":[{"embeddable":true,"href":"https:\/\/crc.org.ar\/w\/wp-json\/wp\/v2\/comments?post=23125"}],"version-history":[{"count":1,"href":"https:\/\/crc.org.ar\/w\/wp-json\/wp\/v2\/posts\/23125\/revisions"}],"predecessor-version":[{"id":23128,"href":"https:\/\/crc.org.ar\/w\/wp-json\/wp\/v2\/posts\/23125\/revisions\/23128"}],"wp:featuredmedia":[{"embeddable":true,"href":"https:\/\/crc.org.ar\/w\/wp-json\/wp\/v2\/media\/23127"}],"wp:attachment":[{"href":"https:\/\/crc.org.ar\/w\/wp-json\/wp\/v2\/media?parent=23125"}],"wp:term":[{"taxonomy":"category","embeddable":true,"href":"https:\/\/crc.org.ar\/w\/wp-json\/wp\/v2\/categories?post=23125"},{"taxonomy":"post_tag","embeddable":true,"href":"https:\/\/crc.org.ar\/w\/wp-json\/wp\/v2\/tags?post=23125"}],"curies":[{"name":"wp","href":"https:\/\/api.w.org\/{rel}","templated":true}]}}