{"id":23200,"date":"2019-10-31T17:11:15","date_gmt":"2019-10-31T20:11:15","guid":{"rendered":"https:\/\/crc.org.ar\/w\/?p=23200"},"modified":"2019-11-01T14:43:19","modified_gmt":"2019-11-01T17:43:19","slug":"fernan-vilte-bosch-gano-el-torneo-regional-en-bella-vista","status":"publish","type":"post","link":"https:\/\/crc.org.ar\/w\/fernan-vilte-bosch-gano-el-torneo-regional-en-bella-vista\/","title":{"rendered":"Fern\u00e1n Vilte Bosch gan\u00f3 el  Torneo Regional en Bella Vista"},"content":{"rendered":"<p>(Jueves 31 de octubre de 2019). El representante del Club de Regatas Corrientes, <strong>Fern\u00e1n Vilte Bosch,<\/strong> gan\u00f3 el Torneo Regional en Bella Vista en la m\u00e1xima categor\u00eda: Primera. Adem\u00e1s <strong>Nicol\u00e1s N\u00fa\u00f1ez<\/strong> fue segundo y <strong>Enzo C\u00e1mola<\/strong> tercero, en la misma categor\u00eda.<\/p>\n<p><!--more--><\/p>\n<p><img loading=\"lazy\" decoding=\"async\" class=\"alignleft size-medium wp-image-23201\" src=\"https:\/\/crc.org.ar\/w\/wp-content\/uploads\/2019\/10\/Bella-Vista-Tenis-de-Mesa1-300x148.jpeg\" alt=\"\" width=\"300\" height=\"148\" srcset=\"https:\/\/crc.org.ar\/w\/wp-content\/uploads\/2019\/10\/Bella-Vista-Tenis-de-Mesa1-300x148.jpeg 300w, https:\/\/crc.org.ar\/w\/wp-content\/uploads\/2019\/10\/Bella-Vista-Tenis-de-Mesa1.jpeg 640w\" sizes=\"(max-width: 300px) 100vw, 300px\" \/>El pasado s\u00e1bado en el Polideportivo de la ciudad de Bella Vista, se llev\u00f3 a cabo el Torneo Regional de Tenis de Mesa 2019, donde el Club de Regatas Corrientes se hizo presente con una nutrida delegaci\u00f3n.<\/p>\n<p>En la categor\u00eda Primera, la m\u00e1s importante del torneo, el podio fue \u00edntegramente del Club de Regatas Corrientes, quedando la misma para <strong>Fern\u00e1n Vilte Bosch<\/strong>; en tanto <strong>Nicol\u00e1s N\u00fa\u00f1ez<\/strong> fue segundo, y <strong>Enzo C\u00e1mola<\/strong> tercero.<\/p>\n<p>Mientras que <strong>Agust\u00edn Rabad\u00e1n<\/strong>, en la categor\u00eda Segunda, se qued\u00f3 con el t\u00edtulo, y <strong>Enzo C\u00e1mola<\/strong> se ubic\u00f3 tercero; en una competencia que cont\u00f3 con representantes de Ituzaing\u00f3, Capital, Paso de los Libres, Goya, Santa Lucia y los anfitriones de Bella Vista.<\/p>\n<p><img loading=\"lazy\" decoding=\"async\" class=\"alignright size-medium wp-image-23202\" src=\"https:\/\/crc.org.ar\/w\/wp-content\/uploads\/2019\/10\/Bella-Vista-Tenis-de-Mesa2-300x162.jpeg\" alt=\"\" width=\"300\" height=\"162\" srcset=\"https:\/\/crc.org.ar\/w\/wp-content\/uploads\/2019\/10\/Bella-Vista-Tenis-de-Mesa2-300x162.jpeg 300w, https:\/\/crc.org.ar\/w\/wp-content\/uploads\/2019\/10\/Bella-Vista-Tenis-de-Mesa2.jpeg 640w\" sizes=\"(max-width: 300px) 100vw, 300px\" \/>En tanto en la categor\u00eda Tercera, los regatenses <strong>Mat\u00edas M\u00e9ndez<\/strong> se qued\u00f3 con la segunda ubicaci\u00f3n, y <strong>Rodrigo Meda<\/strong> con la tercera; en un equipo dirigido por el instructor <strong>Cayetano Troia.<\/strong><\/p>\n<p>Y por \u00faltimo, en la categor\u00eda Promocional, <strong>Valentino Centuri\u00f3n<\/strong> se qued\u00f3 con el t\u00edtulo, y <strong>Patricio Centuri\u00f3n<\/strong> fue segundo; en un torneo que cont\u00f3 con la presencia del presidente de la Federaci\u00f3n Correntina de Tenis de Mesa, <strong>Nelson Veas.<\/strong><\/p>\n","protected":false},"excerpt":{"rendered":"<p>(Jueves 31 de octubre de 2019). El representante del Club de Regatas Corrientes, Fern\u00e1n Vilte Bosch, gan\u00f3 el Torneo Regional en Bella Vista en la m\u00e1xima categor\u00eda: Primera. Adem\u00e1s Nicol\u00e1s N\u00fa\u00f1ez fue segundo y Enzo C\u00e1mola tercero, en la misma categor\u00eda. El pasado s\u00e1bado en el Polideportivo de la ciudad de Bella Vista, se llev\u00f3 &hellip;<\/p>\n","protected":false},"author":1,"featured_media":23203,"comment_status":"closed","ping_status":"closed","sticky":false,"template":"","format":"standard","meta":{"footnotes":""},"categories":[156,13],"tags":[],"_links":{"self":[{"href":"https:\/\/crc.org.ar\/w\/wp-json\/wp\/v2\/posts\/23200"}],"collection":[{"href":"https:\/\/crc.org.ar\/w\/wp-json\/wp\/v2\/posts"}],"about":[{"href":"https:\/\/crc.org.ar\/w\/wp-json\/wp\/v2\/types\/post"}],"author":[{"embeddable":true,"href":"https:\/\/crc.org.ar\/w\/wp-json\/wp\/v2\/users\/1"}],"replies":[{"embeddable":true,"href":"https:\/\/crc.org.ar\/w\/wp-json\/wp\/v2\/comments?post=23200"}],"version-history":[{"count":1,"href":"https:\/\/crc.org.ar\/w\/wp-json\/wp\/v2\/posts\/23200\/revisions"}],"predecessor-version":[{"id":23204,"href":"https:\/\/crc.org.ar\/w\/wp-json\/wp\/v2\/posts\/23200\/revisions\/23204"}],"wp:featuredmedia":[{"embeddable":true,"href":"https:\/\/crc.org.ar\/w\/wp-json\/wp\/v2\/media\/23203"}],"wp:attachment":[{"href":"https:\/\/crc.org.ar\/w\/wp-json\/wp\/v2\/media?parent=23200"}],"wp:term":[{"taxonomy":"category","embeddable":true,"href":"https:\/\/crc.org.ar\/w\/wp-json\/wp\/v2\/categories?post=23200"},{"taxonomy":"post_tag","embeddable":true,"href":"https:\/\/crc.org.ar\/w\/wp-json\/wp\/v2\/tags?post=23200"}],"curies":[{"name":"wp","href":"https:\/\/api.w.org\/{rel}","templated":true}]}}