{"id":23297,"date":"2019-11-04T12:35:47","date_gmt":"2019-11-04T15:35:47","guid":{"rendered":"https:\/\/crc.org.ar\/w\/?p=23297"},"modified":"2019-11-04T13:03:15","modified_gmt":"2019-11-04T16:03:15","slug":"alejandro-vera-bicampeon-argentino","status":"publish","type":"post","link":"https:\/\/crc.org.ar\/w\/alejandro-vera-bicampeon-argentino\/","title":{"rendered":"Alejandro Vera bicampe\u00f3n Argentino"},"content":{"rendered":"<p>(Lunes 4 de noviembre de 2019). El remero mundialista del Club de Regatas Corrientes <strong>Alejandro Vera <\/strong>se consagr\u00f3, el pasado s\u00e1bado, campe\u00f3n Argentino de para-remo por segundo a\u00f1o consecutivo.<\/p>\n<p><!--more--><\/p>\n<p><img loading=\"lazy\" decoding=\"async\" class=\"alignright size-medium wp-image-23298\" src=\"https:\/\/crc.org.ar\/w\/wp-content\/uploads\/2019\/11\/Ale-Vera-300x300.jpg\" alt=\"\" width=\"300\" height=\"300\" srcset=\"https:\/\/crc.org.ar\/w\/wp-content\/uploads\/2019\/11\/Ale-Vera-300x300.jpg 300w, https:\/\/crc.org.ar\/w\/wp-content\/uploads\/2019\/11\/Ale-Vera-150x150.jpg 150w, https:\/\/crc.org.ar\/w\/wp-content\/uploads\/2019\/11\/Ale-Vera-768x768.jpg 768w, https:\/\/crc.org.ar\/w\/wp-content\/uploads\/2019\/11\/Ale-Vera.jpg 960w\" sizes=\"(max-width: 300px) 100vw, 300px\" \/>Con un tiempo de 11 minutos, 17 segundos, y 49 cent\u00e9simas, sobre una distancia de 2.000 metros, el remero del Club de Regatas <strong>Alejandro Vera, <\/strong>se consagr\u00f3 campe\u00f3n Argentino de para-remo 2019 en la categor\u00eda PR1.<\/p>\n<p>La consagraci\u00f3n lleg\u00f3 el pasado s\u00e1bado en la pista Nacional de remo, en la ciudad bonaerense de Tigre, en donde se llev\u00f3 a cabo el Campeonato Argentino, organizado por la Asociaci\u00f3n Argentina de Remeros Aficionados (AARA).<\/p>\n<p><strong>Alejandro Vera<\/strong> le gan\u00f3 al uruguayo <strong>Enrique Font<\/strong>, que compiti\u00f3 para el Club Nacional de Remo, que utiliz\u00f3 un tiempo de 11 minutos, 33 segundos, y 31 cent\u00e9simas, para alcanzar la segunda ubicaci\u00f3n.<\/p>\n<p>De esta manera Vera repite el t\u00edtulo logrado en 2018, cerrando una temporada excelente y que todav\u00eda tendr\u00e1 un nuevo desaf\u00edo en la concentraci\u00f3n en R\u00edo de Janeiro, organizado por FISA, y que comenzar\u00e1 el pr\u00f3ximo 20 de noviembre.<\/p>\n<p>Recordemos, adem\u00e1s, que Vera viene de ganar la Copa Am\u00e9rica en Nordelta, repitiendo tambi\u00e9n lo hecho en 2018, y fue primero en final B en la regata internacional de Gavirate, Italia.<\/p>\n<p>Por otra parte, en su segunda cita ecum\u00e9nica, fue tercero en la final \u201cC\u201d en el Campeonato Mundial de Linz, Austria; confirmando lo hecho en su anterior presentaci\u00f3n mundialista en Plovdiv (Bulgaria).<\/p>\n<p>&nbsp;<\/p>\n","protected":false},"excerpt":{"rendered":"<p>(Lunes 4 de noviembre de 2019). El remero mundialista del Club de Regatas Corrientes Alejandro Vera se consagr\u00f3, el pasado s\u00e1bado, campe\u00f3n Argentino de para-remo por segundo a\u00f1o consecutivo. Con un tiempo de 11 minutos, 17 segundos, y 49 cent\u00e9simas, sobre una distancia de 2.000 metros, el remero del Club de Regatas Alejandro Vera, se &hellip;<\/p>\n","protected":false},"author":1,"featured_media":23300,"comment_status":"closed","ping_status":"closed","sticky":false,"template":"","format":"standard","meta":{"footnotes":""},"categories":[156,18],"tags":[],"_links":{"self":[{"href":"https:\/\/crc.org.ar\/w\/wp-json\/wp\/v2\/posts\/23297"}],"collection":[{"href":"https:\/\/crc.org.ar\/w\/wp-json\/wp\/v2\/posts"}],"about":[{"href":"https:\/\/crc.org.ar\/w\/wp-json\/wp\/v2\/types\/post"}],"author":[{"embeddable":true,"href":"https:\/\/crc.org.ar\/w\/wp-json\/wp\/v2\/users\/1"}],"replies":[{"embeddable":true,"href":"https:\/\/crc.org.ar\/w\/wp-json\/wp\/v2\/comments?post=23297"}],"version-history":[{"count":1,"href":"https:\/\/crc.org.ar\/w\/wp-json\/wp\/v2\/posts\/23297\/revisions"}],"predecessor-version":[{"id":23299,"href":"https:\/\/crc.org.ar\/w\/wp-json\/wp\/v2\/posts\/23297\/revisions\/23299"}],"wp:featuredmedia":[{"embeddable":true,"href":"https:\/\/crc.org.ar\/w\/wp-json\/wp\/v2\/media\/23300"}],"wp:attachment":[{"href":"https:\/\/crc.org.ar\/w\/wp-json\/wp\/v2\/media?parent=23297"}],"wp:term":[{"taxonomy":"category","embeddable":true,"href":"https:\/\/crc.org.ar\/w\/wp-json\/wp\/v2\/categories?post=23297"},{"taxonomy":"post_tag","embeddable":true,"href":"https:\/\/crc.org.ar\/w\/wp-json\/wp\/v2\/tags?post=23297"}],"curies":[{"name":"wp","href":"https:\/\/api.w.org\/{rel}","templated":true}]}}