{"id":23564,"date":"2019-11-13T14:05:15","date_gmt":"2019-11-13T17:05:15","guid":{"rendered":"https:\/\/crc.org.ar\/w\/?p=23564"},"modified":"2019-11-13T14:05:15","modified_gmt":"2019-11-13T17:05:15","slug":"regatas-ya-tiene-los-primeros-finalistas","status":"publish","type":"post","link":"https:\/\/crc.org.ar\/w\/regatas-ya-tiene-los-primeros-finalistas\/","title":{"rendered":"Regatas ya tiene los primeros finalistas"},"content":{"rendered":"<p>(Mi\u00e9rcoles 13 de noviembre de 2019). Las categor\u00edas U13 y U19 de Regatas Corrientes son las primeras en clasificar a las finales de los torneos formativos de la ABCC. U15 y U17 juegan este jueves.<\/p>\n<p><!--more--><\/p>\n<p><img loading=\"lazy\" decoding=\"async\" class=\"alignleft size-medium wp-image-23565\" src=\"https:\/\/crc.org.ar\/w\/wp-content\/uploads\/2019\/11\/Scacchi-y-Marcon-300x218.jpg\" alt=\"\" width=\"300\" height=\"218\" srcset=\"https:\/\/crc.org.ar\/w\/wp-content\/uploads\/2019\/11\/Scacchi-y-Marcon-300x218.jpg 300w, https:\/\/crc.org.ar\/w\/wp-content\/uploads\/2019\/11\/Scacchi-y-Marcon.jpg 640w\" sizes=\"(max-width: 300px) 100vw, 300px\" \/>Se est\u00e1n definiendo todos los torneos de divisiones formativas de la Asociaci\u00f3n de B\u00e1squet de la Ciudad de Corrientes (ABCC), y tanto en U13 como en U19, Regatas Corrientes ya es el primer finalista y espera rival.<\/p>\n<p>El U13, que el pasado fin de semana estuvo participando del Campeonato Argentino de Clubes en Concepci\u00f3n del Uruguay, es la primera categor\u00eda que logr\u00f3 el pase a las finales de la competencia local. Los \u201cremeros\u201d le ganaron a El Tala 2 a 0.<\/p>\n<p>En la otra llave, San Mart\u00edn tambi\u00e9n gan\u00f3 su serie frente a H\u00e9rcules, y falta confirmaci\u00f3n oficial, pero parecer\u00eda ser que el s\u00e1bado 23 de noviembre, se iniciar\u00e1 la final entre Regatas y San Mart\u00edn.<\/p>\n<p>Por su parte, el U19, dirigido por Juan Pablo Mascar\u00f3, hizo lo propio contra Juventus, barriendo la serie 2 a 0. El segundo duelo fue el s\u00e1bado por la ma\u00f1ana, y ahora deber\u00e1n esperar a que se defina la otra llave, en donde San Mart\u00edn est\u00e1 arriba de H\u00e9rcules 1 a 0.<\/p>\n<p>Las categor\u00edas que a\u00fan est\u00e1n disputando las semifinales, son U15 y U17, donde en ambas se enfrentan Regatas A contra Regatas B. Este jueves, en el \u201cEstadio de los Sue\u00f1os\u201d, a partir de las 20:30, estar\u00e1n jugando el segundo duelo de la serie en ambas divisiones.<\/p>\n<p>Recordemos que el A se impone 1 a 0 en U15 y U17. En la otra llave, tanto de U15 como U17, San Mart\u00edn y H\u00e9rcules buscan el otro boleto a la final.<\/p>\n","protected":false},"excerpt":{"rendered":"<p>(Mi\u00e9rcoles 13 de noviembre de 2019). Las categor\u00edas U13 y U19 de Regatas Corrientes son las primeras en clasificar a las finales de los torneos formativos de la ABCC. U15 y U17 juegan este jueves. Se est\u00e1n definiendo todos los torneos de divisiones formativas de la Asociaci\u00f3n de B\u00e1squet de la Ciudad de Corrientes (ABCC), &hellip;<\/p>\n","protected":false},"author":1,"featured_media":23566,"comment_status":"closed","ping_status":"closed","sticky":false,"template":"","format":"standard","meta":{"footnotes":""},"categories":[80,156],"tags":[],"_links":{"self":[{"href":"https:\/\/crc.org.ar\/w\/wp-json\/wp\/v2\/posts\/23564"}],"collection":[{"href":"https:\/\/crc.org.ar\/w\/wp-json\/wp\/v2\/posts"}],"about":[{"href":"https:\/\/crc.org.ar\/w\/wp-json\/wp\/v2\/types\/post"}],"author":[{"embeddable":true,"href":"https:\/\/crc.org.ar\/w\/wp-json\/wp\/v2\/users\/1"}],"replies":[{"embeddable":true,"href":"https:\/\/crc.org.ar\/w\/wp-json\/wp\/v2\/comments?post=23564"}],"version-history":[{"count":1,"href":"https:\/\/crc.org.ar\/w\/wp-json\/wp\/v2\/posts\/23564\/revisions"}],"predecessor-version":[{"id":23567,"href":"https:\/\/crc.org.ar\/w\/wp-json\/wp\/v2\/posts\/23564\/revisions\/23567"}],"wp:featuredmedia":[{"embeddable":true,"href":"https:\/\/crc.org.ar\/w\/wp-json\/wp\/v2\/media\/23566"}],"wp:attachment":[{"href":"https:\/\/crc.org.ar\/w\/wp-json\/wp\/v2\/media?parent=23564"}],"wp:term":[{"taxonomy":"category","embeddable":true,"href":"https:\/\/crc.org.ar\/w\/wp-json\/wp\/v2\/categories?post=23564"},{"taxonomy":"post_tag","embeddable":true,"href":"https:\/\/crc.org.ar\/w\/wp-json\/wp\/v2\/tags?post=23564"}],"curies":[{"name":"wp","href":"https:\/\/api.w.org\/{rel}","templated":true}]}}