{"id":23624,"date":"2019-11-16T22:15:01","date_gmt":"2019-11-17T01:15:01","guid":{"rendered":"https:\/\/crc.org.ar\/w\/?p=23624"},"modified":"2019-11-16T22:17:34","modified_gmt":"2019-11-17T01:17:34","slug":"regatas-tropezo-ante-alvear-y-habra-clasico-con-san-martin-en-semifinales","status":"publish","type":"post","link":"https:\/\/crc.org.ar\/w\/regatas-tropezo-ante-alvear-y-habra-clasico-con-san-martin-en-semifinales\/","title":{"rendered":"Regatas tropez\u00f3 ante Alvear, y habr\u00e1  cl\u00e1sico con San Mart\u00edn en semifinales"},"content":{"rendered":"<p>(S\u00e1bado 16 de noviembre de 2019). En un partido con escaso goleo, Regatas Corrientes cay\u00f3 ante Alvear por 67 a 60, para completar la \u00faltima fecha de la fase regular del Torneo Oficial de la ABCC. En el Cuadrangular Final, el \u201cFantasma\u201d abrir\u00e1 el fuego ante San Mart\u00edn.<\/p>\n<p><!--more--><\/p>\n<p>Regatas Corrientes y Alvear disputaron un encuentro que serv\u00eda para determinar los enfrentamientos que se llevar\u00e1n a cabo en el Cuadrangular Final del Oficial, a desarrollarse entre el 25 de noviembre al 13 de diciembre en el \u201cJos\u00e9 Jorge Contte\u201d.<\/p>\n<p>Finalmente, con la ca\u00edda del equipo de <strong>Juan Pablo Mascar\u00f3<\/strong> ante Alvear por 60 a 67, los cruces de semifinales ser\u00e1n Regatas Corrientes con San Mart\u00edn, mientras que Col\u00f3n har\u00e1 lo propio ante Alvear.<\/p>\n<div id='gallery-1' class='gallery galleryid-23624 gallery-columns-5 gallery-size-thumbnail'><figure class='gallery-item'>\n\t\t\t<div class='gallery-icon landscape'>\n\t\t\t\t<a href='https:\/\/crc.org.ar\/w\/wp-content\/uploads\/2019\/11\/clasico.jpeg'><img loading=\"lazy\" decoding=\"async\" width=\"150\" height=\"150\" src=\"https:\/\/crc.org.ar\/w\/wp-content\/uploads\/2019\/11\/clasico-150x150.jpeg\" class=\"attachment-thumbnail size-thumbnail\" alt=\"\" \/><\/a>\n\t\t\t<\/div><\/figure><figure class='gallery-item'>\n\t\t\t<div class='gallery-icon landscape'>\n\t\t\t\t<a href='https:\/\/crc.org.ar\/w\/wp-content\/uploads\/2019\/11\/clasico1.jpeg'><img loading=\"lazy\" decoding=\"async\" width=\"150\" height=\"150\" src=\"https:\/\/crc.org.ar\/w\/wp-content\/uploads\/2019\/11\/clasico1-150x150.jpeg\" class=\"attachment-thumbnail size-thumbnail\" alt=\"\" \/><\/a>\n\t\t\t<\/div><\/figure><figure class='gallery-item'>\n\t\t\t<div class='gallery-icon landscape'>\n\t\t\t\t<a href='https:\/\/crc.org.ar\/w\/wp-content\/uploads\/2019\/11\/clasico2.jpeg'><img loading=\"lazy\" decoding=\"async\" width=\"150\" height=\"150\" src=\"https:\/\/crc.org.ar\/w\/wp-content\/uploads\/2019\/11\/clasico2-150x150.jpeg\" class=\"attachment-thumbnail size-thumbnail\" alt=\"\" \/><\/a>\n\t\t\t<\/div><\/figure><figure class='gallery-item'>\n\t\t\t<div class='gallery-icon landscape'>\n\t\t\t\t<a href='https:\/\/crc.org.ar\/w\/wp-content\/uploads\/2019\/11\/clasico3.jpeg'><img loading=\"lazy\" decoding=\"async\" width=\"150\" height=\"150\" src=\"https:\/\/crc.org.ar\/w\/wp-content\/uploads\/2019\/11\/clasico3-150x150.jpeg\" class=\"attachment-thumbnail size-thumbnail\" alt=\"\" \/><\/a>\n\t\t\t<\/div><\/figure><figure class='gallery-item'>\n\t\t\t<div class='gallery-icon landscape'>\n\t\t\t\t<a href='https:\/\/crc.org.ar\/w\/wp-content\/uploads\/2019\/11\/clasico4.jpeg'><img loading=\"lazy\" decoding=\"async\" width=\"150\" height=\"150\" src=\"https:\/\/crc.org.ar\/w\/wp-content\/uploads\/2019\/11\/clasico4-150x150.jpeg\" class=\"attachment-thumbnail size-thumbnail\" alt=\"\" \/><\/a>\n\t\t\t<\/div><\/figure><figure class='gallery-item'>\n\t\t\t<div class='gallery-icon landscape'>\n\t\t\t\t<a href='https:\/\/crc.org.ar\/w\/wp-content\/uploads\/2019\/11\/clasico5.jpeg'><img loading=\"lazy\" decoding=\"async\" width=\"150\" height=\"150\" src=\"https:\/\/crc.org.ar\/w\/wp-content\/uploads\/2019\/11\/clasico5-150x150.jpeg\" class=\"attachment-thumbnail size-thumbnail\" alt=\"\" \/><\/a>\n\t\t\t<\/div><\/figure><figure class='gallery-item'>\n\t\t\t<div class='gallery-icon landscape'>\n\t\t\t\t<a href='https:\/\/crc.org.ar\/w\/wp-content\/uploads\/2019\/11\/clasico6-1.jpeg'><img loading=\"lazy\" decoding=\"async\" width=\"150\" height=\"150\" src=\"https:\/\/crc.org.ar\/w\/wp-content\/uploads\/2019\/11\/clasico6-1-150x150.jpeg\" class=\"attachment-thumbnail size-thumbnail\" alt=\"\" \/><\/a>\n\t\t\t<\/div><\/figure><figure class='gallery-item'>\n\t\t\t<div class='gallery-icon landscape'>\n\t\t\t\t<a href='https:\/\/crc.org.ar\/w\/wp-content\/uploads\/2019\/11\/clasico7.jpeg'><img loading=\"lazy\" decoding=\"async\" width=\"150\" height=\"150\" src=\"https:\/\/crc.org.ar\/w\/wp-content\/uploads\/2019\/11\/clasico7-150x150.jpeg\" class=\"attachment-thumbnail size-thumbnail\" alt=\"\" \/><\/a>\n\t\t\t<\/div><\/figure><figure class='gallery-item'>\n\t\t\t<div class='gallery-icon landscape'>\n\t\t\t\t<a href='https:\/\/crc.org.ar\/w\/wp-content\/uploads\/2019\/11\/clasico8.jpeg'><img loading=\"lazy\" decoding=\"async\" width=\"150\" height=\"150\" src=\"https:\/\/crc.org.ar\/w\/wp-content\/uploads\/2019\/11\/clasico8-150x150.jpeg\" class=\"attachment-thumbnail size-thumbnail\" alt=\"\" \/><\/a>\n\t\t\t<\/div><\/figure><figure class='gallery-item'>\n\t\t\t<div class='gallery-icon landscape'>\n\t\t\t\t<a href='https:\/\/crc.org.ar\/w\/wp-content\/uploads\/2019\/11\/clasico9.jpeg'><img loading=\"lazy\" decoding=\"async\" width=\"150\" height=\"150\" src=\"https:\/\/crc.org.ar\/w\/wp-content\/uploads\/2019\/11\/clasico9-150x150.jpeg\" class=\"attachment-thumbnail size-thumbnail\" alt=\"\" \/><\/a>\n\t\t\t<\/div><\/figure>\n\t\t<\/div>\n\n<p>En el elenco \u201cFantasma\u201d no fueron de la partida <strong>Fabio Gauto<\/strong>, <strong>Joaqu\u00edn Marc\u00f3n<\/strong>, <strong>Ignacio Marc\u00f3<\/strong>, <strong>Tob\u00edas Franchela<\/strong> y <strong>Juan Cruz Scacchi<\/strong>, que jugaron frente a San Lorenzo, por la Liga Nacional de B\u00e1squetbol.<\/p>\n<p>En el primer parcial el local logr\u00f3 una diferencia inicial de 8 puntos en los primeros 6 minutos, que ser\u00eda determinante para el resto del encuentro. De los primeros 16 goles de Alvear, 13 estuvieron a cargo de Ortiz. A\u00fan con el ingreso de Valsangi\u00e1como y Sosa y sus aportes al marcador, el local se fue al primer descanso liderando por 22 a 14.<\/p>\n<p>El segundo per\u00edodo empez\u00f3 a evidenciar largos lapsos de sequ\u00eda en el tablero para los dirigidos por Mascar\u00f3, que intentaban infructuosamente achicar la diferencia pero s\u00f3lo pod\u00edan mantenerse en pelea. El marcador de la primera mitad indicaba que Alvear venc\u00eda por 33 a 24.<\/p>\n<p>En el segundo tiempo la distancia se ampliar\u00eda entre los equipos vecinos, ya que Regatas no consigui\u00f3 encestar el bal\u00f3n durante los primeros 6 minutos, y Alvear a fuerza de tiros libres llegar\u00eda al final del parcial a una ventaja de 22 puntos, 52 a 30.<\/p>\n<p><strong>Franco Zalazar<\/strong> colabor\u00f3 con 6 puntos, en un esfuerzo de Regatas de achicar la diferencia que lleg\u00f3 a ser de 5. <strong>Facundo Gonz\u00e1lez<\/strong> despert\u00f3 al equipo con un robo y canasta en alta velocidad y <strong>Gast\u00f3n Turraca<\/strong> aport\u00f3 un par de triples en este cuarto que el conjunto remero gan\u00f3 por 30 a 15, pero no fue suficiente para remontar el partido.<\/p>\n<p>Una vez m\u00e1s Regatas Corrientes cay\u00f3 ante el verdugo que le quit\u00f3 el invicto en el cierre de la primera rueda, su vecino del Parque Mitre, y s\u00f3lo podr\u00e1 tener revancha en un hipot\u00e9tico cruce en el cuadrangular final.<\/p>\n<p><strong>LA S\u00cdNTESIS<\/strong><\/p>\n<p><strong>Alvear (67):\u00a0<\/strong>Agust\u00edn Revidatti 5, Luciano Fornies 16, Alberto Mi\u00f1o 3, Cristian Ortiz 20, y Augusto L\u00f3pez 2 (FI); Franco Muzzio 5, Maximiliano Monz\u00f3n 2, Gonzalo Balbis 4, Marcos Rinas 5, Eduardo Rinas 2, y Samuel Sandoval 3. <strong>DT<\/strong>: Diego Checenelli.<\/p>\n<p><strong>Regatas (60):\u00a0<\/strong>Enzo Alvaredo 8, Gast\u00f3n Turraca 18, Facundo Gonz\u00e1lez 5, Gianluca Dondo 1 y Franco Zalazar 8 (FI); Patrick Destorel 2, Joaqu\u00edn Sosa 12, Felipe Valsangi\u00e1como 2, y Santiago Fiorio 4. <strong>DT<\/strong>: Juan Pablo Mascar\u00f3.<\/p>\n<p><strong>Parciales:\u00a0<\/strong>22\/14, 33\/24 (11\/10), 52\/30 (19\/06), y 67\/60 (15\/30).<\/p>\n<p><strong>Jueces:\u00a0<\/strong>Carlos Moreyra y Carlos M\u00e9ndez.\u00a0<strong>Estadio:\u00a0<\/strong>Mart\u00edn A. Brisco.<\/p>\n","protected":false},"excerpt":{"rendered":"<p>(S\u00e1bado 16 de noviembre de 2019). En un partido con escaso goleo, Regatas Corrientes cay\u00f3 ante Alvear por 67 a 60, para completar la \u00faltima fecha de la fase regular del Torneo Oficial de la ABCC. En el Cuadrangular Final, el \u201cFantasma\u201d abrir\u00e1 el fuego ante San Mart\u00edn. Regatas Corrientes y Alvear disputaron un encuentro &hellip;<\/p>\n","protected":false},"author":1,"featured_media":23637,"comment_status":"closed","ping_status":"closed","sticky":false,"template":"","format":"standard","meta":{"footnotes":""},"categories":[80,156],"tags":[],"_links":{"self":[{"href":"https:\/\/crc.org.ar\/w\/wp-json\/wp\/v2\/posts\/23624"}],"collection":[{"href":"https:\/\/crc.org.ar\/w\/wp-json\/wp\/v2\/posts"}],"about":[{"href":"https:\/\/crc.org.ar\/w\/wp-json\/wp\/v2\/types\/post"}],"author":[{"embeddable":true,"href":"https:\/\/crc.org.ar\/w\/wp-json\/wp\/v2\/users\/1"}],"replies":[{"embeddable":true,"href":"https:\/\/crc.org.ar\/w\/wp-json\/wp\/v2\/comments?post=23624"}],"version-history":[{"count":1,"href":"https:\/\/crc.org.ar\/w\/wp-json\/wp\/v2\/posts\/23624\/revisions"}],"predecessor-version":[{"id":23635,"href":"https:\/\/crc.org.ar\/w\/wp-json\/wp\/v2\/posts\/23624\/revisions\/23635"}],"wp:featuredmedia":[{"embeddable":true,"href":"https:\/\/crc.org.ar\/w\/wp-json\/wp\/v2\/media\/23637"}],"wp:attachment":[{"href":"https:\/\/crc.org.ar\/w\/wp-json\/wp\/v2\/media?parent=23624"}],"wp:term":[{"taxonomy":"category","embeddable":true,"href":"https:\/\/crc.org.ar\/w\/wp-json\/wp\/v2\/categories?post=23624"},{"taxonomy":"post_tag","embeddable":true,"href":"https:\/\/crc.org.ar\/w\/wp-json\/wp\/v2\/tags?post=23624"}],"curies":[{"name":"wp","href":"https:\/\/api.w.org\/{rel}","templated":true}]}}